{"id":1205,"date":"2013-06-16T21:50:16","date_gmt":"2013-06-17T00:50:16","guid":{"rendered":"http:\/\/www.galiciaec.com.br\/?p=1205"},"modified":"2013-06-16T21:50:16","modified_gmt":"2013-06-17T00:50:16","slug":"galicia-empata-com-camacari-e-segue-na-luta","status":"publish","type":"post","link":"https:\/\/esc3d.com.br\/galicia\/galicia-empata-com-camacari-e-segue-na-luta\/","title":{"rendered":"Gal\u00edcia empata com Cama\u00e7ari e segue na luta"},"content":{"rendered":"<p style=\"text-align: center;\"><a href=\"http:\/\/www.galiciaec.com.br\/wp-content\/uploads\/2013\/06\/galicia-1-x-1-camacari.jpg\"><img decoding=\"async\" class=\" wp-image-1206 aligncenter\" alt=\"galicia-1-x-1-camacari\" src=\"http:\/\/www.galiciaec.com.br\/wp-content\/uploads\/2013\/06\/galicia-1-x-1-camacari.jpg\" width=\"450\" srcset=\"https:\/\/esc3d.com.br\/galicia\/wp-content\/uploads\/2013\/06\/galicia-1-x-1-camacari-200x113.jpg 200w, https:\/\/esc3d.com.br\/galicia\/wp-content\/uploads\/2013\/06\/galicia-1-x-1-camacari-300x169.jpg 300w, https:\/\/esc3d.com.br\/galicia\/wp-content\/uploads\/2013\/06\/galicia-1-x-1-camacari-400x225.jpg 400w, https:\/\/esc3d.com.br\/galicia\/wp-content\/uploads\/2013\/06\/galicia-1-x-1-camacari-600x338.jpg 600w, https:\/\/esc3d.com.br\/galicia\/wp-content\/uploads\/2013\/06\/galicia-1-x-1-camacari.jpg 640w\" sizes=\"(max-width: 767px) 100vw, 640px\" \/><\/a><\/p>\n<p>O Gal\u00edcia empatou em 1 x 1 com o Cama\u00e7ari na tarde deste domingo em Lauro de Freitas e continua na luta por uma das vagas \u00e0s semifinais da Segunda Divis\u00e3o do Baiano 2013.<\/p>\n<p>O resultado foi definido no apagar das luzes, aos 48 minutos do segundo tempo, quando o zagueiro Uelinton Binho empatou um jogo que parecia perdido, em um lance fundamental para manter acesa a esperan\u00e7a azulina de conseguir o acesso ainda este ano.<\/p>\n<p>O empate, nas palavras do presidente Dario Rego em uma entrevista imediatamente depois do jogo, foi um mau resultado para o Gal\u00edcia, que buscava, com a vit\u00f3ria, assegurar, se poss\u00edvel, a classifica\u00e7\u00e3o, ou, na pior das hip\u00f3teses, ficar dependendo de um empate na \u00faltima rodada. Por\u00e9m, dadas as circunst\u00e2ncias e vistos os demais resultados, acabou n\u00e3o sendo t\u00e3o ruim: segundo a R\u00e1dio Cristal, que transmitia a partida, o Gal\u00edcia teve mais dom\u00ednio durante boa parte do jogo, mas foi o Cama\u00e7ari quem saiu na frente no segundo tempo. O resultado de 1 x 0 eliminava o time granadeiro, mas, felizmente para n\u00f3s, o gol da salva\u00e7\u00e3o veio de forma dram\u00e1tica nos descontos, fazendo com que o empate tivesse sabor de vit\u00f3ria para o Demolidor de Campe\u00f5es, para a decep\u00e7\u00e3o dos cama\u00e7arienses.<\/p>\n<p>E com a vit\u00f3ria da Catuense sobre o Ypiranga no outro jogo do grupo 1, o Gal\u00edcia ficou a praticamente uma vit\u00f3ria de conseguir o sonhado passe \u00e0s semifinais. Mesmo uma vit\u00f3ria simples contra o Ypiranga no dia 29\/06, na \u00faltima rodada, poder\u00e1 deixar o Azulino com a primeira coloca\u00e7\u00e3o do grupo (<a title=\"Campeonato Baiano Segunda Divis\u00e3o 2013\" href=\"http:\/\/www.galiciaec.com.br\/competicoes\/campeonato-baiano\/segunda-divisao-2013\/\">confira aqui a tabela<\/a>).<\/p>\n<p>Portanto, o t\u00e9cnico Veloso ter\u00e1 as duas semanas mais importantes do ano pela frente. \u00c9 treinar, treinar e treinar, para que o time chegue embalado no cl\u00e1ssico que, mais do que nunca, ser\u00e1 decisivo para o Demolidor de Campe\u00f5es.<\/p>\n","protected":false},"excerpt":{"rendered":"<p>Gal\u00edcia empata com o Cama\u00e7ari em 1 x 1 e continua na luta por uma vaga nas semifinais<\/p>\n","protected":false},"author":2,"featured_media":1206,"comment_status":"open","ping_status":"open","sticky":false,"template":"","format":"standard","meta":{"footnotes":""},"categories":[14],"tags":[190,550,709],"class_list":["post-1205","post","type-post","status-publish","format-standard","has-post-thumbnail","hentry","category-noticias","tag-camacari","tag-galicia","tag-lauro-de-freitas"],"_links":{"self":[{"href":"https:\/\/esc3d.com.br\/galicia\/wp-json\/wp\/v2\/posts\/1205","targetHints":{"allow":["GET"]}}],"collection":[{"href":"https:\/\/esc3d.com.br\/galicia\/wp-json\/wp\/v2\/posts"}],"about":[{"href":"https:\/\/esc3d.com.br\/galicia\/wp-json\/wp\/v2\/types\/post"}],"author":[{"embeddable":true,"href":"https:\/\/esc3d.com.br\/galicia\/wp-json\/wp\/v2\/users\/2"}],"replies":[{"embeddable":true,"href":"https:\/\/esc3d.com.br\/galicia\/wp-json\/wp\/v2\/comments?post=1205"}],"version-history":[{"count":0,"href":"https:\/\/esc3d.com.br\/galicia\/wp-json\/wp\/v2\/posts\/1205\/revisions"}],"wp:featuredmedia":[{"embeddable":true,"href":"https:\/\/esc3d.com.br\/galicia\/wp-json\/wp\/v2\/media\/1206"}],"wp:attachment":[{"href":"https:\/\/esc3d.com.br\/galicia\/wp-json\/wp\/v2\/media?parent=1205"}],"wp:term":[{"taxonomy":"category","embeddable":true,"href":"https:\/\/esc3d.com.br\/galicia\/wp-json\/wp\/v2\/categories?post=1205"},{"taxonomy":"post_tag","embeddable":true,"href":"https:\/\/esc3d.com.br\/galicia\/wp-json\/wp\/v2\/tags?post=1205"}],"curies":[{"name":"wp","href":"https:\/\/api.w.org\/{rel}","templated":true}]}}