{"id":17,"date":"2013-02-27T13:41:18","date_gmt":"2013-02-27T13:41:18","guid":{"rendered":"http:\/\/galiciaec-com-br.bloggerpolis.com\/?p=17"},"modified":"2013-02-27T13:41:18","modified_gmt":"2013-02-27T13:41:18","slug":"cleibson-ferreira-sera-o-novo-treinador-do-galicia","status":"publish","type":"post","link":"https:\/\/esc3d.com.br\/galicia\/cleibson-ferreira-sera-o-novo-treinador-do-galicia\/","title":{"rendered":"Cleibson Ferreira ser\u00e1 o novo treinador do Gal\u00edcia"},"content":{"rendered":"<p><a href=\"\/wp-content\/uploads\/2013\/02\/cleibson-ferreira-galicia.jpg\"><img decoding=\"async\" class=\"alignnone  wp-image-314\" alt=\"Cleibson Ferreira, treinador do Gal\u00edcia\" src=\"\/wp-content\/uploads\/2013\/02\/cleibson-ferreira-galicia-768x1024.jpg\" width=\"400\" srcset=\"https:\/\/esc3d.com.br\/galicia\/wp-content\/uploads\/2013\/02\/cleibson-ferreira-galicia-200x267.jpg 200w, https:\/\/esc3d.com.br\/galicia\/wp-content\/uploads\/2013\/02\/cleibson-ferreira-galicia-225x300.jpg 225w, https:\/\/esc3d.com.br\/galicia\/wp-content\/uploads\/2013\/02\/cleibson-ferreira-galicia-400x533.jpg 400w, https:\/\/esc3d.com.br\/galicia\/wp-content\/uploads\/2013\/02\/cleibson-ferreira-galicia-600x800.jpg 600w, https:\/\/esc3d.com.br\/galicia\/wp-content\/uploads\/2013\/02\/cleibson-ferreira-galicia-768x1024.jpg 768w, https:\/\/esc3d.com.br\/galicia\/wp-content\/uploads\/2013\/02\/cleibson-ferreira-galicia-800x1067.jpg 800w, https:\/\/esc3d.com.br\/galicia\/wp-content\/uploads\/2013\/02\/cleibson-ferreira-galicia.jpg 900w\" sizes=\"(max-width: 768px) 100vw, 768px\" \/><\/a><\/p>\n<p>Est\u00e1 confirmado: Cleibson Ferreira voltar\u00e1 a comandar o Gal\u00edcia na Segunda Divis\u00e3o 2013. O treinador pernambucano, que j\u00e1 esteve no Parque Santiago na temporada 2011, fechou com o time azulino e chegar\u00e1 \u00e0 capital baiana nos pr\u00f3ximos dias.<\/p>\n<p>Cleibson Ferreira da Silva, 40 anos, nascido em Recife, j\u00e1 esteve em diversos clubes do Brasil e do exterior, seja como jogador ou como treinador. Entre as equipes que dirigiu, encontram-se o Imperatriz-MA, CRAC-MT e N\u00e1utico (sub-17 e equipe B), al\u00e9m do Corintians-RN, \u00faltimo clube que treinou.<\/p>\n<p>Na primeira vez que dirigiu o Gal\u00edcia, na\u00a0<a title=\"Campeonato Baiano Segunda Divis\u00e3o 2011\" href=\"http:\/\/www.granadeiros.com\/competicoes\/campeonato-baiano-segunda-divisao-2011\">Segunda Divis\u00e3o de 2011<\/a>, Cleibson teve um saldo positivo de quatro vit\u00f3rias, um empate e duas derrotas, deixando, por\u00e9m, o comando da equipe antes do \u00faltimo jogo, devido a quest\u00f5es internas.<\/p>\n<p>Agora, o treinador pretende liderar at\u00e9 o final o Demolidor de Campe\u00f5es no seu caminho de volta \u00e0 elite. Como expressou no seu\u00a0<a href=\"http:\/\/profcleibsonferreira.blogspot.com.br\/2013\/02\/agradecimentos-e-objetivos.html\">blog pessoal<\/a>, Cleibson fez dessa meta uma verdadeira \u201cambi\u00e7\u00e3o profissional\u201d. O pernambucano afirmou ainda que nutre um carinho imenso pelo Gal\u00edcia, sua hist\u00f3ria e grandeza, al\u00e9m de apreciar os la\u00e7os de amizade que fez com torcedores, jogadores e diretores durante o per\u00edodo em que aqui esteve.<\/p>\n<p>O presidente azulino, Dario Rego, afirmou estar muito confiante no trabalho a ser realizado pelo novo treinador, e comunicou \u00e0 torcida que todos os esfor\u00e7os est\u00e3o sendo feitos pela diretoria para proporcionar um grupo forte para a Segunda Divis\u00e3o 2013. Dario lembra que faltam dois meses para o in\u00edcio da competi\u00e7\u00e3o, e o clube est\u00e1 ativamente buscando parceiros e patrocinadores para concretizar este objetivo.<\/p>\n<p>A apresenta\u00e7\u00e3o oficial do novo comandante granadeiro deve ser realizada na semana que vem.<\/p>\n","protected":false},"excerpt":{"rendered":"<p>Est\u00e1 confirmado: Cleibson Ferreira voltar\u00e1 a comandar o Gal\u00edcia na  [&#8230;]<\/p>\n","protected":false},"author":2,"featured_media":316,"comment_status":"open","ping_status":"open","sticky":false,"template":"","format":"standard","meta":{"footnotes":""},"categories":[14],"tags":[271,897,1015],"class_list":["post-17","post","type-post","status-publish","format-standard","has-post-thumbnail","hentry","category-noticias","tag-cleibson-ferreira","tag-preparativos","tag-segunda-divisao-2013"],"_links":{"self":[{"href":"https:\/\/esc3d.com.br\/galicia\/wp-json\/wp\/v2\/posts\/17","targetHints":{"allow":["GET"]}}],"collection":[{"href":"https:\/\/esc3d.com.br\/galicia\/wp-json\/wp\/v2\/posts"}],"about":[{"href":"https:\/\/esc3d.com.br\/galicia\/wp-json\/wp\/v2\/types\/post"}],"author":[{"embeddable":true,"href":"https:\/\/esc3d.com.br\/galicia\/wp-json\/wp\/v2\/users\/2"}],"replies":[{"embeddable":true,"href":"https:\/\/esc3d.com.br\/galicia\/wp-json\/wp\/v2\/comments?post=17"}],"version-history":[{"count":0,"href":"https:\/\/esc3d.com.br\/galicia\/wp-json\/wp\/v2\/posts\/17\/revisions"}],"wp:featuredmedia":[{"embeddable":true,"href":"https:\/\/esc3d.com.br\/galicia\/wp-json\/wp\/v2\/media\/316"}],"wp:attachment":[{"href":"https:\/\/esc3d.com.br\/galicia\/wp-json\/wp\/v2\/media?parent=17"}],"wp:term":[{"taxonomy":"category","embeddable":true,"href":"https:\/\/esc3d.com.br\/galicia\/wp-json\/wp\/v2\/categories?post=17"},{"taxonomy":"post_tag","embeddable":true,"href":"https:\/\/esc3d.com.br\/galicia\/wp-json\/wp\/v2\/tags?post=17"}],"curies":[{"name":"wp","href":"https:\/\/api.w.org\/{rel}","templated":true}]}}