{"id":1855,"date":"2013-09-17T13:50:05","date_gmt":"2013-09-17T16:50:05","guid":{"rendered":"http:\/\/www.galiciaec.com.br\/?p=1855"},"modified":"2013-09-17T13:50:05","modified_gmt":"2013-09-17T16:50:05","slug":"galicia-estreia-no-campeonato-de-novos-da-adbi","status":"publish","type":"post","link":"https:\/\/esc3d.com.br\/galicia\/galicia-estreia-no-campeonato-de-novos-da-adbi\/","title":{"rendered":"Gal\u00edcia estreia no Campeonato de Novos da ADBI"},"content":{"rendered":"<p><a href=\"http:\/\/www.galiciaec.com.br\/wp-content\/uploads\/2013\/09\/galicia-sub-20-copa-adbi.jpg\"><img decoding=\"async\" class=\"alignnone  wp-image-1856\" alt=\"galicia-sub-20-copa-adbi\" src=\"http:\/\/www.galiciaec.com.br\/wp-content\/uploads\/2013\/09\/galicia-sub-20-copa-adbi.jpg\" width=\"600\" srcset=\"https:\/\/esc3d.com.br\/galicia\/wp-content\/uploads\/2013\/09\/galicia-sub-20-copa-adbi-200x150.jpg 200w, https:\/\/esc3d.com.br\/galicia\/wp-content\/uploads\/2013\/09\/galicia-sub-20-copa-adbi-300x225.jpg 300w, https:\/\/esc3d.com.br\/galicia\/wp-content\/uploads\/2013\/09\/galicia-sub-20-copa-adbi-400x300.jpg 400w, https:\/\/esc3d.com.br\/galicia\/wp-content\/uploads\/2013\/09\/galicia-sub-20-copa-adbi-600x450.jpg 600w, https:\/\/esc3d.com.br\/galicia\/wp-content\/uploads\/2013\/09\/galicia-sub-20-copa-adbi-768x576.jpg 768w, https:\/\/esc3d.com.br\/galicia\/wp-content\/uploads\/2013\/09\/galicia-sub-20-copa-adbi-800x600.jpg 800w, https:\/\/esc3d.com.br\/galicia\/wp-content\/uploads\/2013\/09\/galicia-sub-20-copa-adbi.jpg 960w\" sizes=\"(max-width: 960px) 100vw, 960px\" \/><\/a><\/p>\n<p>O Gal\u00edcia estreou neste domingo no Campeonato de Novos da ADBI (Associa\u00e7\u00e3o Desportista do Bairro de Itinga), no qual est\u00e1 participando com a equipe Sub-20.<\/p>\n<p>O time, comandado por Jaime Alban, e que vem treinando h\u00e1 apenas duas semanas, empatou em 1 x 1 com o Uni\u00e3o de Lauro de Freitas.<\/p>\n<p>A import\u00e2ncia desta competi\u00e7\u00e3o para o Azulino reside no fato de que j\u00e1 se est\u00e1 formando e preparando a equipe Sub 20 para o Campeonato Baiano de Juniores de 2014.<\/p>\n<p>Al\u00e9m disso, alguns jogadores que est\u00e3o sendo testados poder\u00e3o eventualmente ser aproveitados no time profissional, tanto na Copa Governador do Estado, quanto na Primeira Divis\u00e3o do Campeonato Baiano em 2014.<\/p>\n","protected":false},"excerpt":{"rendered":"<p>O Gal\u00edcia estreou com um empate no Campeonato de Novos da ADBI (Associa\u00e7\u00e3o Desportista do Bairro de Itinga), no qual est\u00e1 participando com uma equipe Sub-20.<\/p>\n","protected":false},"author":2,"featured_media":1856,"comment_status":"open","ping_status":"open","sticky":false,"template":"","format":"standard","meta":{"footnotes":""},"categories":[14],"tags":[59,649],"class_list":["post-1855","post","type-post","status-publish","format-standard","has-post-thumbnail","hentry","category-noticias","tag-adbi","tag-itinga"],"_links":{"self":[{"href":"https:\/\/esc3d.com.br\/galicia\/wp-json\/wp\/v2\/posts\/1855","targetHints":{"allow":["GET"]}}],"collection":[{"href":"https:\/\/esc3d.com.br\/galicia\/wp-json\/wp\/v2\/posts"}],"about":[{"href":"https:\/\/esc3d.com.br\/galicia\/wp-json\/wp\/v2\/types\/post"}],"author":[{"embeddable":true,"href":"https:\/\/esc3d.com.br\/galicia\/wp-json\/wp\/v2\/users\/2"}],"replies":[{"embeddable":true,"href":"https:\/\/esc3d.com.br\/galicia\/wp-json\/wp\/v2\/comments?post=1855"}],"version-history":[{"count":0,"href":"https:\/\/esc3d.com.br\/galicia\/wp-json\/wp\/v2\/posts\/1855\/revisions"}],"wp:featuredmedia":[{"embeddable":true,"href":"https:\/\/esc3d.com.br\/galicia\/wp-json\/wp\/v2\/media\/1856"}],"wp:attachment":[{"href":"https:\/\/esc3d.com.br\/galicia\/wp-json\/wp\/v2\/media?parent=1855"}],"wp:term":[{"taxonomy":"category","embeddable":true,"href":"https:\/\/esc3d.com.br\/galicia\/wp-json\/wp\/v2\/categories?post=1855"},{"taxonomy":"post_tag","embeddable":true,"href":"https:\/\/esc3d.com.br\/galicia\/wp-json\/wp\/v2\/tags?post=1855"}],"curies":[{"name":"wp","href":"https:\/\/api.w.org\/{rel}","templated":true}]}}