{"id":18580,"date":"2019-11-27T17:47:30","date_gmt":"2019-11-27T20:47:30","guid":{"rendered":"http:\/\/www.galiciaec.com.br\/?p=18580"},"modified":"2019-11-27T17:47:30","modified_gmt":"2019-11-27T20:47:30","slug":"sub-14-e-sub-17-se-enfrentam-em-coletivo","status":"publish","type":"post","link":"https:\/\/esc3d.com.br\/galicia\/sub-14-e-sub-17-se-enfrentam-em-coletivo\/","title":{"rendered":"Sub-14 e Sub-17 se enfrentam em coletivo"},"content":{"rendered":"<div id=\"attachment_18581\" style=\"width: 610px\" class=\"wp-caption aligncenter\"><a href=\"http:\/\/www.galiciaec.com.br\/wp-content\/uploads\/2019\/11\/galicia-treino-sub-14-e-17-parque-santiago-scaled.jpg\"><img decoding=\"async\" aria-describedby=\"caption-attachment-18581\" class=\"wp-image-18581\" src=\"http:\/\/www.galiciaec.com.br\/wp-content\/uploads\/2019\/11\/galicia-treino-sub-14-e-17-parque-santiago-scaled.jpg\" alt=\"Foto: Hilton Oliveira \/ Gal\u00edcia EC\" width=\"600\" height=\"400\" \/><\/a><p id=\"caption-attachment-18581\" class=\"wp-caption-text\">Foto: Hilton Oliveira \/ Gal\u00edcia EC<\/p><\/div>\n<p>Na tarde desta quarta-feira (27) no Parque Santiago os elencos Sub-14 e Sub-17 se enfrentaram em um coletivo em campo reduzido.<\/p>\n<p>O treinador do elenco Mirim, Marquinhos Pires, p\u00f4de observar melhor o desenvolvido t\u00e1tico da equipe contra garotos mais velhos visando o pr\u00f3ximo jogo pela Copa Dente de Leite. J\u00e1 o t\u00e9cnico Diego Sales, do Juvenil, aproveitou para testar alguns garotos aprovados da \u00faltima avalia\u00e7\u00e3o para compor o grupo.<\/p>\n<p>Subs-14 e 17 retornam \u00e0s atividades nesta pr\u00f3xima sexta-feira (29). A primeira categoria ir\u00e1 at\u00e9 o Centro de Treinamento Manuel Tanajura quando enfrentar\u00e1 o Projeto Toque de Craque, \u00e0s 16h, pela oitavas de final da competi\u00e7\u00e3o. J\u00e1 a outra categoria ter\u00e1 mais uma tarde de treinamentos no Parque Santiago.<\/p>\n<p>Os goleiros trabalharam com o preparador e coordenador Jeferson Darl\u00e3.<\/p>\n<p><a title=\"Treinos do Sub-14 e Sub-17 no Parque Santiago\" href=\"https:\/\/www.flickr.com\/photos\/galiciaecoficial\/albums\/72157711965968882\" data-flickr-embed=\"true\"><img decoding=\"async\" src=\"https:\/\/live.staticflickr.com\/65535\/49133484343_e26102372e_z.jpg\" alt=\"Treinos do Sub-14 e Sub-17 no Parque Santiago\" width=\"600\" height=\"400\" \/><\/a><script async src=\"\/\/embedr.flickr.com\/assets\/client-code.js\" charset=\"utf-8\"><\/script><\/p>\n","protected":false},"excerpt":{"rendered":"<p>Na tarde desta quarta-feira (27) no Parque Santiago os elencos Sub-14 e Sub-17 se enfrentaram em um coletivo em campo reduzido. Os goleiros fizeram trabalhos espec\u00edficos com o preparador Jeferson Darl\u00e3.<\/p>\n","protected":false},"author":1,"featured_media":18581,"comment_status":"closed","ping_status":"open","sticky":false,"template":"","format":"standard","meta":{"footnotes":""},"categories":[14,22,24],"tags":[135,370,550,600,697,780,843,1075,1078,1134],"class_list":["post-18580","post","type-post","status-publish","format-standard","has-post-thumbnail","hentry","category-noticias","category-sub-15","category-sub-17","tag-azulino","tag-demolidor-de-campeoes","tag-galicia","tag-granadeiro","tag-juvenil","tag-mirim","tag-parque-santiago","tag-sub-14","tag-sub-17","tag-treino"],"_links":{"self":[{"href":"https:\/\/esc3d.com.br\/galicia\/wp-json\/wp\/v2\/posts\/18580","targetHints":{"allow":["GET"]}}],"collection":[{"href":"https:\/\/esc3d.com.br\/galicia\/wp-json\/wp\/v2\/posts"}],"about":[{"href":"https:\/\/esc3d.com.br\/galicia\/wp-json\/wp\/v2\/types\/post"}],"author":[{"embeddable":true,"href":"https:\/\/esc3d.com.br\/galicia\/wp-json\/wp\/v2\/users\/1"}],"replies":[{"embeddable":true,"href":"https:\/\/esc3d.com.br\/galicia\/wp-json\/wp\/v2\/comments?post=18580"}],"version-history":[{"count":0,"href":"https:\/\/esc3d.com.br\/galicia\/wp-json\/wp\/v2\/posts\/18580\/revisions"}],"wp:attachment":[{"href":"https:\/\/esc3d.com.br\/galicia\/wp-json\/wp\/v2\/media?parent=18580"}],"wp:term":[{"taxonomy":"category","embeddable":true,"href":"https:\/\/esc3d.com.br\/galicia\/wp-json\/wp\/v2\/categories?post=18580"},{"taxonomy":"post_tag","embeddable":true,"href":"https:\/\/esc3d.com.br\/galicia\/wp-json\/wp\/v2\/tags?post=18580"}],"curies":[{"name":"wp","href":"https:\/\/api.w.org\/{rel}","templated":true}]}}