{"id":1868,"date":"2013-09-19T00:07:49","date_gmt":"2013-09-19T03:07:49","guid":{"rendered":"http:\/\/www.galiciaec.com.br\/?p=1868"},"modified":"2013-09-19T00:07:49","modified_gmt":"2013-09-19T03:07:49","slug":"galicia-tem-novo-treinador","status":"publish","type":"post","link":"https:\/\/esc3d.com.br\/galicia\/galicia-tem-novo-treinador\/","title":{"rendered":"Gal\u00edcia tem novo treinador"},"content":{"rendered":"<div id=\"attachment_1869\" style=\"width: 610px\" class=\"wp-caption alignnone\"><a href=\"http:\/\/www.galiciaec.com.br\/wp-content\/uploads\/2013\/09\/waguinho-dias.jpg\"><img decoding=\"async\" aria-describedby=\"caption-attachment-1869\" class=\" wp-image-1869 \" alt=\"Waguinho Dias (Foto: Reprodu\u00e7\u00e3o EPTV)\" src=\"http:\/\/www.galiciaec.com.br\/wp-content\/uploads\/2013\/09\/waguinho-dias.jpg\" width=\"600\" srcset=\"https:\/\/esc3d.com.br\/galicia\/wp-content\/uploads\/2013\/09\/waguinho-dias-200x113.jpg 200w, https:\/\/esc3d.com.br\/galicia\/wp-content\/uploads\/2013\/09\/waguinho-dias-300x169.jpg 300w, https:\/\/esc3d.com.br\/galicia\/wp-content\/uploads\/2013\/09\/waguinho-dias-400x225.jpg 400w, https:\/\/esc3d.com.br\/galicia\/wp-content\/uploads\/2013\/09\/waguinho-dias-600x338.jpg 600w, https:\/\/esc3d.com.br\/galicia\/wp-content\/uploads\/2013\/09\/waguinho-dias.jpg 620w\" sizes=\"(max-width: 767px) 100vw, 620px\" \/><\/a><p id=\"caption-attachment-1869\" class=\"wp-caption-text\">Waguinho Dias (Foto: Reprodu\u00e7\u00e3o EPTV)<\/p><\/div>\n<p>Chegou hoje a Salvador o novo t\u00e9cnico do Gal\u00edcia:\u00a0Wagner Santos de Souza Dias, o Waguinho Dias, nascido em Sumar\u00e9-SP, em 23 de julho de 1963,\u00a0ser\u00e1 o respons\u00e1vel por comandar o time durante a Copa Governador do Estado.<\/p>\n<p>Waguinho Dias foi Coordenador T\u00e9cnico e treinador no Guarani de Campinas entre 2005 e 2006, tendo comandado tamb\u00e9m equipes como a Uni\u00e3o Barbarense, Rio Branco de Americana, Atl\u00e9tico Sorocaba, Portuguesa Santista, Oper\u00e1rio de Campo Grandes e Sendas, no per\u00edodo que se estendeu entre 1996 e 2009. Em 2010, voltou ao Guarani, desta vez como Gerente de Futebol, cargo no qual ficou at\u00e9 2011.<\/p>\n<p>Antes de ser t\u00e9cnico, foi jogador, sendo revelado na Ponte Preta no in\u00edcio da d\u00e9cada de 80. Na equipe campineira, atuou ao lado de craques como o meia Jorge Mendon\u00e7a, o zagueiro Osmar Guarnelli e o goleiro Carlos. Foi convocado para a Sele\u00e7\u00e3o Brasileira \u00a0Sub-20, onde foi companheiro de Bebeto, Dunga e Jorginho.\u00a0Depois da Ponte Preta, defendeu o XV de Novembro de Piracicaba, Herc\u00edlio Luz, Bragantino, Mogi Mirim, Rio Branco de Americana e Esportivo de Passos.<\/p>\n<p>Como treinador, Waguinho caracteriza-se pela seriedade, profissionalismo e comprometimento, e espera corresponder \u00e0s expectativas do Gal\u00edcia, clube que, depois de um longo per\u00edodo relegado \u00e0 Segunda Divis\u00e3o, acaba de retornar \u00e0 elite do futebol baiano.<\/p>\n<p>Com a sua chegada, confirma-se o desligamento da comiss\u00e3o t\u00e9cnica que deu ao clube Granadeiro o trof\u00e9u de campe\u00e3o da Segunda Divis\u00e3o. O Gal\u00edcia agradece profundamente ao ex-treinador S\u00e9rgio Veloso, que,\u00a0entre os meses de junho e julho,\u00a0comandou o time de maneira impec\u00e1vel rumo ao acesso, assim como aos seus auxiliares, o preparador f\u00edsico M\u00e1rcio Garrido e o treinador de goleiros Marcelo Barbosa. Que eles continuem triunfando em suas respectivas carreiras.<\/p>\n","protected":false},"excerpt":{"rendered":"<p>Waguinho Dias, ex-Guarani, assume o cargo de t\u00e9cnico do Gal\u00edcia<\/p>\n","protected":false},"author":2,"featured_media":1869,"comment_status":"open","ping_status":"open","sticky":false,"template":"","format":"standard","meta":{"footnotes":""},"categories":[14],"tags":[1028,1099,1183],"class_list":["post-1868","post","type-post","status-publish","format-standard","has-post-thumbnail","hentry","category-noticias","tag-sergio-veloso","tag-tecnico","tag-waguinho-dias"],"_links":{"self":[{"href":"https:\/\/esc3d.com.br\/galicia\/wp-json\/wp\/v2\/posts\/1868","targetHints":{"allow":["GET"]}}],"collection":[{"href":"https:\/\/esc3d.com.br\/galicia\/wp-json\/wp\/v2\/posts"}],"about":[{"href":"https:\/\/esc3d.com.br\/galicia\/wp-json\/wp\/v2\/types\/post"}],"author":[{"embeddable":true,"href":"https:\/\/esc3d.com.br\/galicia\/wp-json\/wp\/v2\/users\/2"}],"replies":[{"embeddable":true,"href":"https:\/\/esc3d.com.br\/galicia\/wp-json\/wp\/v2\/comments?post=1868"}],"version-history":[{"count":0,"href":"https:\/\/esc3d.com.br\/galicia\/wp-json\/wp\/v2\/posts\/1868\/revisions"}],"wp:featuredmedia":[{"embeddable":true,"href":"https:\/\/esc3d.com.br\/galicia\/wp-json\/wp\/v2\/media\/1869"}],"wp:attachment":[{"href":"https:\/\/esc3d.com.br\/galicia\/wp-json\/wp\/v2\/media?parent=1868"}],"wp:term":[{"taxonomy":"category","embeddable":true,"href":"https:\/\/esc3d.com.br\/galicia\/wp-json\/wp\/v2\/categories?post=1868"},{"taxonomy":"post_tag","embeddable":true,"href":"https:\/\/esc3d.com.br\/galicia\/wp-json\/wp\/v2\/tags?post=1868"}],"curies":[{"name":"wp","href":"https:\/\/api.w.org\/{rel}","templated":true}]}}