{"id":1897,"date":"2013-09-22T01:03:42","date_gmt":"2013-09-22T04:03:42","guid":{"rendered":"http:\/\/www.galiciaec.com.br\/?p=1897"},"modified":"2013-09-22T01:03:42","modified_gmt":"2013-09-22T04:03:42","slug":"waguinho-dias-comandou-coletivo-neste-sabado","status":"publish","type":"post","link":"https:\/\/esc3d.com.br\/galicia\/waguinho-dias-comandou-coletivo-neste-sabado\/","title":{"rendered":"Waguinho Dias comandou coletivo neste s\u00e1bado"},"content":{"rendered":"<div id=\"attachment_1898\" style=\"width: 610px\" class=\"wp-caption alignnone\"><a href=\"http:\/\/www.galiciaec.com.br\/wp-content\/uploads\/2013\/09\/waguinho-dias-galicia.jpg\"><img decoding=\"async\" aria-describedby=\"caption-attachment-1898\" class=\" wp-image-1898 \" alt=\"Waguinho Dias durante intervalo do treino. Foto: Beto Boullosa\" src=\"http:\/\/www.galiciaec.com.br\/wp-content\/uploads\/2013\/09\/waguinho-dias-galicia.jpg\" width=\"600\" srcset=\"https:\/\/esc3d.com.br\/galicia\/wp-content\/uploads\/2013\/09\/waguinho-dias-galicia-200x113.jpg 200w, https:\/\/esc3d.com.br\/galicia\/wp-content\/uploads\/2013\/09\/waguinho-dias-galicia-300x169.jpg 300w, https:\/\/esc3d.com.br\/galicia\/wp-content\/uploads\/2013\/09\/waguinho-dias-galicia-400x225.jpg 400w, https:\/\/esc3d.com.br\/galicia\/wp-content\/uploads\/2013\/09\/waguinho-dias-galicia-600x338.jpg 600w, https:\/\/esc3d.com.br\/galicia\/wp-content\/uploads\/2013\/09\/waguinho-dias-galicia-768x432.jpg 768w, https:\/\/esc3d.com.br\/galicia\/wp-content\/uploads\/2013\/09\/waguinho-dias-galicia-800x450.jpg 800w, https:\/\/esc3d.com.br\/galicia\/wp-content\/uploads\/2013\/09\/waguinho-dias-galicia.jpg 960w\" sizes=\"(max-width: 960px) 100vw, 960px\" \/><\/a><p id=\"caption-attachment-1898\" class=\"wp-caption-text\">Waguinho Dias durante intervalo do treino. Foto: Beto Boullosa<\/p><\/div>\n<p>O rec\u00e9m-chegado treinador galiciano Waguinho Dias comandou, na manh\u00e3 deste s\u00e1bado no Parque Santiago, um treino coletivo que serviu para continuar as observa\u00e7\u00f5es dos jogadores e ir delineando o time base que enfrentar\u00e1 o Vit\u00f3ria na estreia do Azulino na Copa Governador do Estado, no pr\u00f3ximo dia 28\/09.<\/p>\n<p>Waguinho foi auxiliado pelo preparador f\u00ecsico Agenor Junqueira e pelo treinador de goleiros Jeferson Darlan.<\/p>\n<p>Em depoimento ao site oficial, o novo treinador granadeiro revelou-se satisfeito por estar no Gal\u00edcia, um dos clubes mais tradicionais da Bahia, e acredita que, a despeito do curto tempo de prepara\u00e7\u00e3o, o time pode aspirar bons resultados na competi\u00e7\u00e3o que se avizinha. Ressaltou, no entanto, que o bom desempenho depender\u00e1 muito dos atletas, que ter\u00e3o que se empenhar ao m\u00e1ximo para estar em boas condi\u00e7\u00f5es de jogo. Por isso, ele est\u00e1 fazendo um trabalho de conscientiza\u00e7\u00e3o de cada um dos seus comandados no sentido de seguirem \u00e0 risca as orienta\u00e7\u00f5es da comiss\u00e3o t\u00e9cnica.<\/p>\n<p>Durante a semana que vem, divulgaremos no site oficial a lista oficial de atletas que integrar\u00e3o o elenco azulino para a Copa Governador, j\u00e1 que alguns deles ainda est\u00e3o sendo observados, outros est\u00e3o em processo de regulariza\u00e7\u00e3o, e alguns em negocia\u00e7\u00e3o.<\/p>\n<p>Clique nas fotos abaixo para ampli\u00e1-las.<\/p>\n<table>\n<tbody>\n<tr>\n<td>\n<p><div id=\"attachment_1903\" style=\"width: 160px\" class=\"wp-caption alignnone\"><a href=\"http:\/\/www.galiciaec.com.br\/wp-content\/uploads\/2013\/09\/waguinho-dias-comanda-coletivo-galicia.jpg\"><img decoding=\"async\" aria-describedby=\"caption-attachment-1903\" class=\"size-thumbnail wp-image-1903\" alt=\"Waguinho Dias comanda treino\" src=\"http:\/\/www.galiciaec.com.br\/wp-content\/uploads\/2013\/09\/waguinho-dias-comanda-coletivo-galicia-150x150.jpg\" width=\"150\" height=\"150\" srcset=\"https:\/\/esc3d.com.br\/galicia\/wp-content\/uploads\/2013\/09\/waguinho-dias-comanda-coletivo-galicia-66x66.jpg 66w, https:\/\/esc3d.com.br\/galicia\/wp-content\/uploads\/2013\/09\/waguinho-dias-comanda-coletivo-galicia-150x150.jpg 150w, https:\/\/esc3d.com.br\/galicia\/wp-content\/uploads\/2013\/09\/waguinho-dias-comanda-coletivo-galicia.jpg 960w\" sizes=\"(max-width: 150px) 100vw, 150px\" \/><\/a><p id=\"caption-attachment-1903\" class=\"wp-caption-text\">Waguinho Dias<\/p><\/div><\/td>\n<td>\n<p><div id=\"attachment_1899\" style=\"width: 160px\" class=\"wp-caption alignnone\"><a href=\"http:\/\/www.galiciaec.com.br\/wp-content\/uploads\/2013\/09\/agenor-junqueira-galicia.jpg\"><img decoding=\"async\" aria-describedby=\"caption-attachment-1899\" class=\"size-thumbnail wp-image-1899\" alt=\"Agenor Junqueira, preparador f\u00edsico\" src=\"http:\/\/www.galiciaec.com.br\/wp-content\/uploads\/2013\/09\/agenor-junqueira-galicia-150x150.jpg\" width=\"150\" height=\"150\" srcset=\"https:\/\/esc3d.com.br\/galicia\/wp-content\/uploads\/2013\/09\/agenor-junqueira-galicia-66x66.jpg 66w, https:\/\/esc3d.com.br\/galicia\/wp-content\/uploads\/2013\/09\/agenor-junqueira-galicia-150x150.jpg 150w, https:\/\/esc3d.com.br\/galicia\/wp-content\/uploads\/2013\/09\/agenor-junqueira-galicia.jpg 1112w\" sizes=\"(max-width: 150px) 100vw, 150px\" \/><\/a><p id=\"caption-attachment-1899\" class=\"wp-caption-text\">Agenor Junqueira<\/p><\/div><\/td>\n<td>\n<p><div id=\"attachment_1902\" style=\"width: 160px\" class=\"wp-caption alignnone\"><a href=\"http:\/\/www.galiciaec.com.br\/wp-content\/uploads\/2013\/09\/jeferson-darlan-galicia.jpg\"><img decoding=\"async\" aria-describedby=\"caption-attachment-1902\" class=\"size-thumbnail wp-image-1902\" alt=\"Jeferson Darlan, treinador de goleiros\" src=\"http:\/\/www.galiciaec.com.br\/wp-content\/uploads\/2013\/09\/jeferson-darlan-galicia-150x150.jpg\" width=\"150\" height=\"150\" srcset=\"https:\/\/esc3d.com.br\/galicia\/wp-content\/uploads\/2013\/09\/jeferson-darlan-galicia-66x66.jpg 66w, https:\/\/esc3d.com.br\/galicia\/wp-content\/uploads\/2013\/09\/jeferson-darlan-galicia-150x150.jpg 150w, https:\/\/esc3d.com.br\/galicia\/wp-content\/uploads\/2013\/09\/jeferson-darlan-galicia.jpg 856w\" sizes=\"(max-width: 150px) 100vw, 150px\" \/><\/a><p id=\"caption-attachment-1902\" class=\"wp-caption-text\">Jeferson Darlan<\/p><\/div><\/td>\n<\/tr>\n<tr>\n<td>\n<p><div id=\"attachment_1901\" style=\"width: 160px\" class=\"wp-caption alignnone\"><a href=\"http:\/\/www.galiciaec.com.br\/wp-content\/uploads\/2013\/09\/coletivo-galicia-2.jpg\"><img decoding=\"async\" aria-describedby=\"caption-attachment-1901\" class=\"size-thumbnail wp-image-1901\" alt=\"Coletivo\" src=\"http:\/\/www.galiciaec.com.br\/wp-content\/uploads\/2013\/09\/coletivo-galicia-2-150x150.jpg\" width=\"150\" height=\"150\" srcset=\"https:\/\/esc3d.com.br\/galicia\/wp-content\/uploads\/2013\/09\/coletivo-galicia-2-66x66.jpg 66w, https:\/\/esc3d.com.br\/galicia\/wp-content\/uploads\/2013\/09\/coletivo-galicia-2-150x150.jpg 150w, https:\/\/esc3d.com.br\/galicia\/wp-content\/uploads\/2013\/09\/coletivo-galicia-2.jpg 800w\" sizes=\"(max-width: 150px) 100vw, 150px\" \/><\/a><p id=\"caption-attachment-1901\" class=\"wp-caption-text\">Coletivo<\/p><\/div><\/td>\n<td>\n<p><div id=\"attachment_1900\" style=\"width: 160px\" class=\"wp-caption alignnone\"><a href=\"http:\/\/www.galiciaec.com.br\/wp-content\/uploads\/2013\/09\/coletivo-galicia-1.jpg\"><img decoding=\"async\" aria-describedby=\"caption-attachment-1900\" class=\"size-thumbnail wp-image-1900\" alt=\"Jogadores no coletivo\" src=\"http:\/\/www.galiciaec.com.br\/wp-content\/uploads\/2013\/09\/coletivo-galicia-1-150x150.jpg\" width=\"150\" height=\"150\" srcset=\"https:\/\/esc3d.com.br\/galicia\/wp-content\/uploads\/2013\/09\/coletivo-galicia-1-66x66.jpg 66w, https:\/\/esc3d.com.br\/galicia\/wp-content\/uploads\/2013\/09\/coletivo-galicia-1-150x150.jpg 150w, https:\/\/esc3d.com.br\/galicia\/wp-content\/uploads\/2013\/09\/coletivo-galicia-1.jpg 800w\" sizes=\"(max-width: 150px) 100vw, 150px\" \/><\/a><p id=\"caption-attachment-1900\" class=\"wp-caption-text\">Jogadores no coletivo<\/p><\/div><\/td>\n<td>\n<p><div id=\"attachment_1904\" style=\"width: 160px\" class=\"wp-caption alignnone\"><a href=\"http:\/\/www.galiciaec.com.br\/wp-content\/uploads\/2013\/09\/coletivo-galicia-3.jpg\"><img decoding=\"async\" aria-describedby=\"caption-attachment-1904\" class=\"size-thumbnail wp-image-1904\" alt=\"Coletivo\" src=\"http:\/\/www.galiciaec.com.br\/wp-content\/uploads\/2013\/09\/coletivo-galicia-3-150x150.jpg\" width=\"150\" height=\"150\" srcset=\"https:\/\/esc3d.com.br\/galicia\/wp-content\/uploads\/2013\/09\/coletivo-galicia-3-66x66.jpg 66w, https:\/\/esc3d.com.br\/galicia\/wp-content\/uploads\/2013\/09\/coletivo-galicia-3-150x150.jpg 150w, https:\/\/esc3d.com.br\/galicia\/wp-content\/uploads\/2013\/09\/coletivo-galicia-3.jpg 800w\" sizes=\"(max-width: 150px) 100vw, 150px\" \/><\/a><p id=\"caption-attachment-1904\" class=\"wp-caption-text\">Coletivo<\/p><\/div><\/td>\n<\/tr>\n<\/tbody>\n<\/table>\n","protected":false},"excerpt":{"rendered":"<p>Treinador Waguinho Dias comandou treino coletivo do Gal\u00edcia na manh\u00e3 deste s\u00e1bado no Parque Santiago.<\/p>\n","protected":false},"author":2,"featured_media":1898,"comment_status":"open","ping_status":"open","sticky":false,"template":"","format":"standard","meta":{"footnotes":""},"categories":[14],"tags":[62,664,1183],"class_list":["post-1897","post","type-post","status-publish","format-standard","has-post-thumbnail","hentry","category-noticias","tag-agenor-junqueira","tag-jeferson-darlan","tag-waguinho-dias"],"_links":{"self":[{"href":"https:\/\/esc3d.com.br\/galicia\/wp-json\/wp\/v2\/posts\/1897","targetHints":{"allow":["GET"]}}],"collection":[{"href":"https:\/\/esc3d.com.br\/galicia\/wp-json\/wp\/v2\/posts"}],"about":[{"href":"https:\/\/esc3d.com.br\/galicia\/wp-json\/wp\/v2\/types\/post"}],"author":[{"embeddable":true,"href":"https:\/\/esc3d.com.br\/galicia\/wp-json\/wp\/v2\/users\/2"}],"replies":[{"embeddable":true,"href":"https:\/\/esc3d.com.br\/galicia\/wp-json\/wp\/v2\/comments?post=1897"}],"version-history":[{"count":0,"href":"https:\/\/esc3d.com.br\/galicia\/wp-json\/wp\/v2\/posts\/1897\/revisions"}],"wp:featuredmedia":[{"embeddable":true,"href":"https:\/\/esc3d.com.br\/galicia\/wp-json\/wp\/v2\/media\/1898"}],"wp:attachment":[{"href":"https:\/\/esc3d.com.br\/galicia\/wp-json\/wp\/v2\/media?parent=1897"}],"wp:term":[{"taxonomy":"category","embeddable":true,"href":"https:\/\/esc3d.com.br\/galicia\/wp-json\/wp\/v2\/categories?post=1897"},{"taxonomy":"post_tag","embeddable":true,"href":"https:\/\/esc3d.com.br\/galicia\/wp-json\/wp\/v2\/tags?post=1897"}],"curies":[{"name":"wp","href":"https:\/\/api.w.org\/{rel}","templated":true}]}}