{"id":1911,"date":"2013-09-24T23:16:15","date_gmt":"2013-09-25T02:16:15","guid":{"rendered":"http:\/\/www.galiciaec.com.br\/?p=1911"},"modified":"2013-09-24T23:16:15","modified_gmt":"2013-09-25T02:16:15","slug":"galicia-preparando-se-para-a-estreia","status":"publish","type":"post","link":"https:\/\/esc3d.com.br\/galicia\/galicia-preparando-se-para-a-estreia\/","title":{"rendered":"Gal\u00edcia preparando-se para a estreia"},"content":{"rendered":"<div id=\"attachment_1912\" style=\"width: 610px\" class=\"wp-caption alignnone\"><a href=\"http:\/\/www.galiciaec.com.br\/wp-content\/uploads\/2013\/09\/treino-galicia.jpg\"><img decoding=\"async\" aria-describedby=\"caption-attachment-1912\" class=\" wp-image-1912\" alt=\"treino-galicia\" src=\"http:\/\/www.galiciaec.com.br\/wp-content\/uploads\/2013\/09\/treino-galicia.jpg\" width=\"600\" height=\"338\" srcset=\"https:\/\/esc3d.com.br\/galicia\/wp-content\/uploads\/2013\/09\/treino-galicia-200x113.jpg 200w, https:\/\/esc3d.com.br\/galicia\/wp-content\/uploads\/2013\/09\/treino-galicia-300x169.jpg 300w, https:\/\/esc3d.com.br\/galicia\/wp-content\/uploads\/2013\/09\/treino-galicia-400x225.jpg 400w, https:\/\/esc3d.com.br\/galicia\/wp-content\/uploads\/2013\/09\/treino-galicia-600x338.jpg 600w, https:\/\/esc3d.com.br\/galicia\/wp-content\/uploads\/2013\/09\/treino-galicia-768x432.jpg 768w, https:\/\/esc3d.com.br\/galicia\/wp-content\/uploads\/2013\/09\/treino-galicia.jpg 800w\" sizes=\"(max-width: 767px) 100vw, 600px\" \/><\/a><p id=\"caption-attachment-1912\" class=\"wp-caption-text\">Jogadores do Gal\u00edcia treinam no Parque Santiago. Foto: Beto Boullosa\/arquivo<\/p><\/div>\n<p>Sob o comando do t\u00e9cnico Waguinho Dias, o Gal\u00edcia continua preparando-se para sua estreia na Copa Governador do Estado, no pr\u00f3ximo s\u00e1bado, contra o Vit\u00f3ria.<\/p>\n<p>Ontem e hoje o time realizou atividades f\u00edsicas, t\u00e9cnicas e t\u00e1ticas em dois turnos no Parque Santiago.<\/p>\n<p>Nesta ter\u00e7a \u00e0 tarde, o t\u00e9cnico p\u00f4de ver o time em a\u00e7\u00e3o, na vit\u00f3ria por 4 x 1 no jogo-treino contra a equipe de novos que disputa a copa ADBI. At\u00e9 o<span style=\"font-size: 13px; line-height: 19px;\">\u00a0dia da estreia, o time deve sofrer altera\u00e7\u00f5es, j\u00e1 que o elenco ainda n\u00e3o est\u00e1 completamente fechado e regularizado.<\/span><\/p>\n","protected":false},"excerpt":{"rendered":"<p>Gal\u00edcia continua prepara\u00e7\u00e3o para Copa Governador do Estado. Time treinou em dois turnos na segunda e ter\u00e7a-feira.<\/p>\n","protected":false},"author":2,"featured_media":1912,"comment_status":"open","ping_status":"open","sticky":false,"template":"","format":"standard","meta":{"footnotes":""},"categories":[14],"tags":[1134,1183],"class_list":["post-1911","post","type-post","status-publish","format-standard","has-post-thumbnail","hentry","category-noticias","tag-treino","tag-waguinho-dias"],"_links":{"self":[{"href":"https:\/\/esc3d.com.br\/galicia\/wp-json\/wp\/v2\/posts\/1911","targetHints":{"allow":["GET"]}}],"collection":[{"href":"https:\/\/esc3d.com.br\/galicia\/wp-json\/wp\/v2\/posts"}],"about":[{"href":"https:\/\/esc3d.com.br\/galicia\/wp-json\/wp\/v2\/types\/post"}],"author":[{"embeddable":true,"href":"https:\/\/esc3d.com.br\/galicia\/wp-json\/wp\/v2\/users\/2"}],"replies":[{"embeddable":true,"href":"https:\/\/esc3d.com.br\/galicia\/wp-json\/wp\/v2\/comments?post=1911"}],"version-history":[{"count":0,"href":"https:\/\/esc3d.com.br\/galicia\/wp-json\/wp\/v2\/posts\/1911\/revisions"}],"wp:featuredmedia":[{"embeddable":true,"href":"https:\/\/esc3d.com.br\/galicia\/wp-json\/wp\/v2\/media\/1912"}],"wp:attachment":[{"href":"https:\/\/esc3d.com.br\/galicia\/wp-json\/wp\/v2\/media?parent=1911"}],"wp:term":[{"taxonomy":"category","embeddable":true,"href":"https:\/\/esc3d.com.br\/galicia\/wp-json\/wp\/v2\/categories?post=1911"},{"taxonomy":"post_tag","embeddable":true,"href":"https:\/\/esc3d.com.br\/galicia\/wp-json\/wp\/v2\/tags?post=1911"}],"curies":[{"name":"wp","href":"https:\/\/api.w.org\/{rel}","templated":true}]}}