{"id":1917,"date":"2013-09-25T02:34:58","date_gmt":"2013-09-25T05:34:58","guid":{"rendered":"http:\/\/www.galiciaec.com.br\/?p=1917"},"modified":"2013-09-25T02:34:58","modified_gmt":"2013-09-25T05:34:58","slug":"divulgue-galicia-x-vitoria-sabado","status":"publish","type":"post","link":"https:\/\/esc3d.com.br\/galicia\/divulgue-galicia-x-vitoria-sabado\/","title":{"rendered":"Divulgue: Gal\u00edcia x Vit\u00f3ria, s\u00e1bado!"},"content":{"rendered":"<p><a href=\"http:\/\/www.galiciaec.com.br\/wp-content\/uploads\/2013\/09\/20130928-galicia-vitoria.jpg\"><img decoding=\"async\" class=\"alignnone  wp-image-1919\" alt=\"20130928-galicia-vitoria\" src=\"http:\/\/www.galiciaec.com.br\/wp-content\/uploads\/2013\/09\/20130928-galicia-vitoria.jpg\" width=\"600\" srcset=\"https:\/\/esc3d.com.br\/galicia\/wp-content\/uploads\/2013\/09\/20130928-galicia-vitoria-200x280.jpg 200w, https:\/\/esc3d.com.br\/galicia\/wp-content\/uploads\/2013\/09\/20130928-galicia-vitoria-214x300.jpg 214w, https:\/\/esc3d.com.br\/galicia\/wp-content\/uploads\/2013\/09\/20130928-galicia-vitoria-400x561.jpg 400w, https:\/\/esc3d.com.br\/galicia\/wp-content\/uploads\/2013\/09\/20130928-galicia-vitoria-600x841.jpg 600w, https:\/\/esc3d.com.br\/galicia\/wp-content\/uploads\/2013\/09\/20130928-galicia-vitoria-731x1024.jpg 731w, https:\/\/esc3d.com.br\/galicia\/wp-content\/uploads\/2013\/09\/20130928-galicia-vitoria-768x1076.jpg 768w, https:\/\/esc3d.com.br\/galicia\/wp-content\/uploads\/2013\/09\/20130928-galicia-vitoria.jpg 800w\" sizes=\"(max-width: 800px) 100vw, 800px\" \/><\/a><\/p>\n<p>Depois de ter <a title=\"\u00c9 CAMPE\u00c3O!!!\" href=\"http:\/\/www.galiciaec.com.br\/2013\/07\/28\/e-campeao\/\">conquistado o Campeonato Baiano da Segunda Divis\u00e3o<\/a> e conseguido retornar \u00e0 elite do futebol baiano, o Gal\u00edcia voltar\u00e1 a campo no pr\u00f3ximo s\u00e1bado, dia 28\/09, para come\u00e7ar sua participa\u00e7\u00e3o na <a title=\"Copa Governador do Estado 2013\" href=\"http:\/\/www.galiciaec.com.br\/competicoes\/copa-governador-2013\/\">Copa Governador do Estado<\/a>. A competi\u00e7\u00e3o, organizada pela FBF, distribuir\u00e1 uma vaga para a Copa do Brasil 2014 e outra para a S\u00e9rie D do Campeonato Brasileiro 2014.<\/p>\n<p>E a estreia do Demolidor de Campe\u00f5es ser\u00e1 contra um de seus mais tradicionais advers\u00e1rios, o Vit\u00f3ria. Jogando em casa, o Gal\u00edcia reeditar\u00e1 um confronto que j\u00e1 teve epis\u00f3dios memor\u00e1veis, como a final do Campeonato Baiano de 1980, quando o time azulino, capitaneado por Aymor\u00e9 Moreira, com jogadores do porte de Washington, Pirulito e Rangel, ficou com o vice-campeonato estadual.<\/p>\n<p>A \u00faltima vez que o Azulino e o Rubro-Negro encontraram-se em competi\u00e7\u00f5es oficiais foi em 19\/11\/2006, pela Ta\u00e7a Estado da Bahia, com o Vit\u00f3ria levando a melhor por 2 x 0.\u00a0Desta vez, esperemos que o Gal\u00edcia saia de campo vitorioso!<\/p>\n<p>Para isso, o time do t\u00e9cnico <a title=\"Gal\u00edcia tem novo treinador\" href=\"http:\/\/www.galiciaec.com.br\/2013\/09\/19\/galicia-tem-novo-treinador\/\">Waguinho Dias<\/a> contar\u00e1 com o apoio da fiel torcida granadeira! V\u00e1 a Pituazul, leve seus parentes, amigos e simpatizantes do Gal\u00edcia, vamos fazer uma festa azul e branca nas arquibancadas!<\/p>\n<p>A entrada custar\u00e1 R$ 15,00 (meia) e R$ 30,00 (inteira). Mulheres e crian\u00e7as at\u00e9 12 anos n\u00e3o pagar\u00e3o. O site oficial far\u00e1 o Lance-a-lance para os que n\u00e3o puderem comparecer.<\/p>\n","protected":false},"excerpt":{"rendered":"<p>Gal\u00edcia e Vit\u00f3ria jogar\u00e3o s\u00e1bado em Pituazul, na estreia da Copa Governador do Estado.<\/p>\n","protected":false},"author":2,"featured_media":1918,"comment_status":"open","ping_status":"open","sticky":false,"template":"","format":"standard","meta":{"footnotes":""},"categories":[14],"tags":[327,1177],"class_list":["post-1917","post","type-post","status-publish","format-standard","has-post-thumbnail","hentry","category-noticias","tag-copa-governador-2013","tag-vitoria"],"_links":{"self":[{"href":"https:\/\/esc3d.com.br\/galicia\/wp-json\/wp\/v2\/posts\/1917","targetHints":{"allow":["GET"]}}],"collection":[{"href":"https:\/\/esc3d.com.br\/galicia\/wp-json\/wp\/v2\/posts"}],"about":[{"href":"https:\/\/esc3d.com.br\/galicia\/wp-json\/wp\/v2\/types\/post"}],"author":[{"embeddable":true,"href":"https:\/\/esc3d.com.br\/galicia\/wp-json\/wp\/v2\/users\/2"}],"replies":[{"embeddable":true,"href":"https:\/\/esc3d.com.br\/galicia\/wp-json\/wp\/v2\/comments?post=1917"}],"version-history":[{"count":0,"href":"https:\/\/esc3d.com.br\/galicia\/wp-json\/wp\/v2\/posts\/1917\/revisions"}],"wp:featuredmedia":[{"embeddable":true,"href":"https:\/\/esc3d.com.br\/galicia\/wp-json\/wp\/v2\/media\/1918"}],"wp:attachment":[{"href":"https:\/\/esc3d.com.br\/galicia\/wp-json\/wp\/v2\/media?parent=1917"}],"wp:term":[{"taxonomy":"category","embeddable":true,"href":"https:\/\/esc3d.com.br\/galicia\/wp-json\/wp\/v2\/categories?post=1917"},{"taxonomy":"post_tag","embeddable":true,"href":"https:\/\/esc3d.com.br\/galicia\/wp-json\/wp\/v2\/tags?post=1917"}],"curies":[{"name":"wp","href":"https:\/\/api.w.org\/{rel}","templated":true}]}}