{"id":1924,"date":"2013-09-27T02:55:48","date_gmt":"2013-09-27T05:55:48","guid":{"rendered":"http:\/\/www.galiciaec.com.br\/?p=1924"},"modified":"2013-09-27T02:55:48","modified_gmt":"2013-09-27T05:55:48","slug":"galicia-continua-preparacao","status":"publish","type":"post","link":"https:\/\/esc3d.com.br\/galicia\/galicia-continua-preparacao\/","title":{"rendered":"Gal\u00edcia continua prepara\u00e7\u00e3o"},"content":{"rendered":"<div id=\"attachment_1931\" style=\"width: 650px\" class=\"wp-caption alignnone\"><a href=\"http:\/\/www.galiciaec.com.br\/wp-content\/uploads\/2013\/09\/diego-higino-totinga-destaque.jpg\"><img decoding=\"async\" aria-describedby=\"caption-attachment-1931\" class=\"size-full wp-image-1931\" alt=\"Diego Higino e Totinga em treinamento no Parque Santiago\" src=\"http:\/\/www.galiciaec.com.br\/wp-content\/uploads\/2013\/09\/diego-higino-totinga-destaque.jpg\" width=\"640\" height=\"360\" srcset=\"https:\/\/esc3d.com.br\/galicia\/wp-content\/uploads\/2013\/09\/diego-higino-totinga-destaque-200x113.jpg 200w, https:\/\/esc3d.com.br\/galicia\/wp-content\/uploads\/2013\/09\/diego-higino-totinga-destaque-300x169.jpg 300w, https:\/\/esc3d.com.br\/galicia\/wp-content\/uploads\/2013\/09\/diego-higino-totinga-destaque-400x225.jpg 400w, https:\/\/esc3d.com.br\/galicia\/wp-content\/uploads\/2013\/09\/diego-higino-totinga-destaque-600x338.jpg 600w, https:\/\/esc3d.com.br\/galicia\/wp-content\/uploads\/2013\/09\/diego-higino-totinga-destaque.jpg 640w\" sizes=\"(max-width: 767px) 100vw, 640px\" \/><\/a><p id=\"caption-attachment-1931\" class=\"wp-caption-text\">Diego Higino e Totinga em treinamento no Parque Santiago. Foto: Beto Boullosa<\/p><\/div>\n<p>O Gal\u00edcia continua a prepara\u00e7\u00e3o visando a estreia na Ta\u00e7a Governador do Estado, neste s\u00e1bado, \u00e0s 16:00, em Pitua\u00e7u. O time treinou na quarta e na quinta, refor\u00e7ando principalmente os aspectos t\u00e9cnicos e t\u00e1ticos.<\/p>\n<p>Nos dois dias, os treinos foram realizados somente no per\u00edodo da manh\u00e3. \u00c0 tarde, os atletas descansaram, pois a comiss\u00e3o t\u00e9cnica quer evitar for\u00e7ar demasiadamente a parte f\u00edsica, j\u00e1 que eles t\u00eam sido submetidos a uma carga intensiva de trabalho.<\/p>\n<p>Nesta sexta-feira pela manh\u00e3, haver\u00e1 nova sess\u00e3o de treinamento. Os atletas que jogar\u00e3o no s\u00e1bado aprimorar\u00e3o fundamentos tais como movimenta\u00e7\u00e3o e bolas paradas, enquanto que os demais far\u00e3o um coletivo. \u00c0 tarde, descansar\u00e3o, para se reapresentarem no Parque Santiago no s\u00e1bado, \u00e0s 10 da manh\u00e3, onde almo\u00e7ar\u00e3o e, em seguida, ir\u00e3o para o est\u00e1dio de Pitua\u00e7u.<\/p>\n<h3>Luanderson e Victor, regularizados<\/h3>\n<p>Nesta quinta, foram regularizados os atletas Luanderson e Victor Rocha, que estar\u00e3o, assim, em condi\u00e7\u00f5es de jogar s\u00e1bado.<\/p>\n<p>Luanderson Pl\u00e1cido Moraes dos Santos \u00e9 um zagueiro de 20 anos que passou pela divis\u00e3o de base do Feirense. Em 2012, disputou o Campeonato Paulista Sub-20 (Primeira Divis\u00e3o) pelo Santo Andr\u00e9, quando marcou um gol. Em 2013, atuou no Botafogo, pelo Campeonato Baiano Sub-20, tendo marcado dois gols.<\/p>\n<p>O volante Victor Rocha Garcia de Matos tamb\u00e9m tem 20 anos. \u00c9 um jogador veloz e de bom drible. Assim como Luanderson, disputou o Campeonato Baiano Sub-20, mas pelo Jacuipense. Marcou um gol na competi\u00e7\u00e3o. Confira abaixo um v\u00eddeo com alguns de seus bons momentos.<\/p>\n<p><iframe src=\"\/\/www.youtube.com\/embed\/s-4DLlYsl2A\" height=\"315\" width=\"560\" allowfullscreen=\"\" frameborder=\"0\"><\/iframe><\/p>\n","protected":false},"excerpt":{"rendered":"<p>Gal\u00edcia segue prepara\u00e7\u00e3o para estreia na Copa Governador. Zagueiro Luanderson e volante Victor Rocha foram regularizados.<\/p>\n","protected":false},"author":2,"featured_media":1931,"comment_status":"open","ping_status":"open","sticky":false,"template":"","format":"standard","meta":{"footnotes":""},"categories":[14],"tags":[326,728,1168],"class_list":["post-1924","post","type-post","status-publish","format-standard","has-post-thumbnail","hentry","category-noticias","tag-copa-governador","tag-luanderson","tag-victor"],"_links":{"self":[{"href":"https:\/\/esc3d.com.br\/galicia\/wp-json\/wp\/v2\/posts\/1924","targetHints":{"allow":["GET"]}}],"collection":[{"href":"https:\/\/esc3d.com.br\/galicia\/wp-json\/wp\/v2\/posts"}],"about":[{"href":"https:\/\/esc3d.com.br\/galicia\/wp-json\/wp\/v2\/types\/post"}],"author":[{"embeddable":true,"href":"https:\/\/esc3d.com.br\/galicia\/wp-json\/wp\/v2\/users\/2"}],"replies":[{"embeddable":true,"href":"https:\/\/esc3d.com.br\/galicia\/wp-json\/wp\/v2\/comments?post=1924"}],"version-history":[{"count":0,"href":"https:\/\/esc3d.com.br\/galicia\/wp-json\/wp\/v2\/posts\/1924\/revisions"}],"wp:featuredmedia":[{"embeddable":true,"href":"https:\/\/esc3d.com.br\/galicia\/wp-json\/wp\/v2\/media\/1931"}],"wp:attachment":[{"href":"https:\/\/esc3d.com.br\/galicia\/wp-json\/wp\/v2\/media?parent=1924"}],"wp:term":[{"taxonomy":"category","embeddable":true,"href":"https:\/\/esc3d.com.br\/galicia\/wp-json\/wp\/v2\/categories?post=1924"},{"taxonomy":"post_tag","embeddable":true,"href":"https:\/\/esc3d.com.br\/galicia\/wp-json\/wp\/v2\/tags?post=1924"}],"curies":[{"name":"wp","href":"https:\/\/api.w.org\/{rel}","templated":true}]}}