{"id":1959,"date":"2013-09-27T23:50:50","date_gmt":"2013-09-28T02:50:50","guid":{"rendered":"http:\/\/www.galiciaec.com.br\/?p=1959"},"modified":"2013-09-27T23:50:50","modified_gmt":"2013-09-28T02:50:50","slug":"sportv-filmou-no-parque-santiago","status":"publish","type":"post","link":"https:\/\/esc3d.com.br\/galicia\/sportv-filmou-no-parque-santiago\/","title":{"rendered":"Sportv filmou no Parque Santiago"},"content":{"rendered":"<p><a href=\"http:\/\/www.galiciaec.com.br\/wp-content\/uploads\/2013\/09\/sportv-dario-rego-destaque.jpg\"><img decoding=\"async\" class=\"alignnone wp-image-1960\" src=\"http:\/\/www.galiciaec.com.br\/wp-content\/uploads\/2013\/09\/sportv-dario-rego-destaque.jpg\" alt=\"sportv-dario-rego-destaque\" width=\"600\" srcset=\"https:\/\/esc3d.com.br\/galicia\/wp-content\/uploads\/2013\/09\/sportv-dario-rego-destaque-200x113.jpg 200w, https:\/\/esc3d.com.br\/galicia\/wp-content\/uploads\/2013\/09\/sportv-dario-rego-destaque-300x169.jpg 300w, https:\/\/esc3d.com.br\/galicia\/wp-content\/uploads\/2013\/09\/sportv-dario-rego-destaque-400x225.jpg 400w, https:\/\/esc3d.com.br\/galicia\/wp-content\/uploads\/2013\/09\/sportv-dario-rego-destaque-600x338.jpg 600w, https:\/\/esc3d.com.br\/galicia\/wp-content\/uploads\/2013\/09\/sportv-dario-rego-destaque-768x432.jpg 768w, https:\/\/esc3d.com.br\/galicia\/wp-content\/uploads\/2013\/09\/sportv-dario-rego-destaque-800x450.jpg 800w, https:\/\/esc3d.com.br\/galicia\/wp-content\/uploads\/2013\/09\/sportv-dario-rego-destaque.jpg 960w\" sizes=\"(max-width: 960px) 100vw, 960px\" \/><\/a><\/p>\n<p>Na manh\u00e3 desta sexta-feira, uma equipe do Sportv, encabe\u00e7ada pelo produtor Alfredo Schprejer e pelo jornalista Eudes J\u00fanior, esteve no Parque Santiago, est\u00e1dio do Gal\u00edcia. Na pauta, uma edi\u00e7\u00e3o do programa Sportv Rep\u00f3rter que mostrar\u00e1 a realidade de tradicionais clubes do futebol brasileiro que tiveram um passado de conquistas, por\u00e9m, com o tempo, acabaram quase desaparecendo ou sendo relegados a divis\u00f5es inferiores nos seus estados.<\/p>\n<p>O Gal\u00edcia ser\u00e1 um dos clubes retratados, mas servir\u00e1 de contraponto aos demais, j\u00e1 que, depois de v\u00e1rios anos rebaixado, conseguiu dar a volta por cima e retornou \u00e0 elite do futebol do estado, com o t\u00edtulo de campe\u00e3o da Segunda Divis\u00e3o em 2014.<\/p>\n<p>A equipe do Sportv entrevistou, durante quase duas horas, cinco ex-jogadores galicianos, remanescentes do grupo que conquistou o \u00faltimo t\u00edtulo de campe\u00e3o baiano para o Granadeiro. Os campe\u00f5es Heitor, Heraldo, H\u00e9lio Nylon, Roberto e Josias conversaram animadamente, contaram casos e reviveram lembran\u00e7as daquela \u00e9poca. Outro dos entrevistados foi o presidente azulino Dario Rego, que contou o que significou para o Gal\u00edcia o retorno \u00e0 Primeira Divis\u00e3o, e quais as perspectivas do clube para o ano que vem.<\/p>\n<p>O programa Sportv Rep\u00f3rter ser\u00e1 veiculado no dia 27\/10, \u00e0s 22:00. N\u00e3o deixe de assistir! E confira abaixo algumas imagens das grava\u00e7\u00f5es, clique para ampliar!<\/p>\n<p><a href=\"http:\/\/www.galiciaec.com.br\/wp-content\/uploads\/2013\/09\/dario-rego-entrevistado-sportv-reporter.jpg\"><img decoding=\"async\" class=\"alignnone size-thumbnail wp-image-1961\" src=\"http:\/\/www.galiciaec.com.br\/wp-content\/uploads\/2013\/09\/dario-rego-entrevistado-sportv-reporter-150x150.jpg\" alt=\"dario-rego-entrevistado-sportv-reporter\" width=\"150\" height=\"150\" srcset=\"https:\/\/esc3d.com.br\/galicia\/wp-content\/uploads\/2013\/09\/dario-rego-entrevistado-sportv-reporter-66x66.jpg 66w, https:\/\/esc3d.com.br\/galicia\/wp-content\/uploads\/2013\/09\/dario-rego-entrevistado-sportv-reporter-150x150.jpg 150w, https:\/\/esc3d.com.br\/galicia\/wp-content\/uploads\/2013\/09\/dario-rego-entrevistado-sportv-reporter.jpg 2212w\" sizes=\"(max-width: 150px) 100vw, 150px\" \/><\/a> <a href=\"http:\/\/www.galiciaec.com.br\/wp-content\/uploads\/2013\/09\/sportv-galicia-parque-santiago-1.jpg\"><img decoding=\"async\" class=\"alignnone size-thumbnail wp-image-1962\" src=\"http:\/\/www.galiciaec.com.br\/wp-content\/uploads\/2013\/09\/sportv-galicia-parque-santiago-1-150x150.jpg\" alt=\"sportv-galicia-parque-santiago-1\" width=\"150\" height=\"150\" srcset=\"https:\/\/esc3d.com.br\/galicia\/wp-content\/uploads\/2013\/09\/sportv-galicia-parque-santiago-1-66x66.jpg 66w, https:\/\/esc3d.com.br\/galicia\/wp-content\/uploads\/2013\/09\/sportv-galicia-parque-santiago-1-150x150.jpg 150w, https:\/\/esc3d.com.br\/galicia\/wp-content\/uploads\/2013\/09\/sportv-galicia-parque-santiago-1.jpg 800w\" sizes=\"(max-width: 150px) 100vw, 150px\" \/><\/a><\/p>\n<p><a href=\"http:\/\/www.galiciaec.com.br\/wp-content\/uploads\/2013\/09\/sportv-galicia-parque-santiago-2.jpg\"><img decoding=\"async\" class=\"alignnone size-thumbnail wp-image-1963\" src=\"http:\/\/www.galiciaec.com.br\/wp-content\/uploads\/2013\/09\/sportv-galicia-parque-santiago-2-150x150.jpg\" alt=\"sportv-galicia-parque-santiago-2\" width=\"150\" height=\"150\" srcset=\"https:\/\/esc3d.com.br\/galicia\/wp-content\/uploads\/2013\/09\/sportv-galicia-parque-santiago-2-66x66.jpg 66w, https:\/\/esc3d.com.br\/galicia\/wp-content\/uploads\/2013\/09\/sportv-galicia-parque-santiago-2-150x150.jpg 150w, https:\/\/esc3d.com.br\/galicia\/wp-content\/uploads\/2013\/09\/sportv-galicia-parque-santiago-2.jpg 800w\" sizes=\"(max-width: 150px) 100vw, 150px\" \/><\/a> <a href=\"http:\/\/www.galiciaec.com.br\/wp-content\/uploads\/2013\/09\/sportv-galicia-parque-santiago-3.jpg\"><img decoding=\"async\" class=\"alignnone size-thumbnail wp-image-1964\" src=\"http:\/\/www.galiciaec.com.br\/wp-content\/uploads\/2013\/09\/sportv-galicia-parque-santiago-3-150x150.jpg\" alt=\"sportv-galicia-parque-santiago-3\" width=\"150\" height=\"150\" srcset=\"https:\/\/esc3d.com.br\/galicia\/wp-content\/uploads\/2013\/09\/sportv-galicia-parque-santiago-3-66x66.jpg 66w, https:\/\/esc3d.com.br\/galicia\/wp-content\/uploads\/2013\/09\/sportv-galicia-parque-santiago-3-150x150.jpg 150w, https:\/\/esc3d.com.br\/galicia\/wp-content\/uploads\/2013\/09\/sportv-galicia-parque-santiago-3.jpg 800w\" sizes=\"(max-width: 150px) 100vw, 150px\" \/><\/a><\/p>\n<p>(Fotos: Beto Boullosa)<\/p>\n<p>&nbsp;<\/p>\n","protected":false},"excerpt":{"rendered":"<p>Equipe do Sportv esteve no est\u00e1dio do Gal\u00edcia na manh\u00e3 desta sexta-feira, gravando para o programa Sportv Rep\u00f3rter.<\/p>\n","protected":false},"author":2,"featured_media":1960,"comment_status":"open","ping_status":"open","sticky":false,"template":"","format":"standard","meta":{"footnotes":""},"categories":[14],"tags":[1066],"class_list":["post-1959","post","type-post","status-publish","format-standard","has-post-thumbnail","hentry","category-noticias","tag-sportv"],"_links":{"self":[{"href":"https:\/\/esc3d.com.br\/galicia\/wp-json\/wp\/v2\/posts\/1959","targetHints":{"allow":["GET"]}}],"collection":[{"href":"https:\/\/esc3d.com.br\/galicia\/wp-json\/wp\/v2\/posts"}],"about":[{"href":"https:\/\/esc3d.com.br\/galicia\/wp-json\/wp\/v2\/types\/post"}],"author":[{"embeddable":true,"href":"https:\/\/esc3d.com.br\/galicia\/wp-json\/wp\/v2\/users\/2"}],"replies":[{"embeddable":true,"href":"https:\/\/esc3d.com.br\/galicia\/wp-json\/wp\/v2\/comments?post=1959"}],"version-history":[{"count":0,"href":"https:\/\/esc3d.com.br\/galicia\/wp-json\/wp\/v2\/posts\/1959\/revisions"}],"wp:featuredmedia":[{"embeddable":true,"href":"https:\/\/esc3d.com.br\/galicia\/wp-json\/wp\/v2\/media\/1960"}],"wp:attachment":[{"href":"https:\/\/esc3d.com.br\/galicia\/wp-json\/wp\/v2\/media?parent=1959"}],"wp:term":[{"taxonomy":"category","embeddable":true,"href":"https:\/\/esc3d.com.br\/galicia\/wp-json\/wp\/v2\/categories?post=1959"},{"taxonomy":"post_tag","embeddable":true,"href":"https:\/\/esc3d.com.br\/galicia\/wp-json\/wp\/v2\/tags?post=1959"}],"curies":[{"name":"wp","href":"https:\/\/api.w.org\/{rel}","templated":true}]}}