{"id":1968,"date":"2013-09-28T14:17:41","date_gmt":"2013-09-28T17:17:41","guid":{"rendered":"http:\/\/www.galiciaec.com.br\/?p=1968"},"modified":"2013-09-28T14:17:41","modified_gmt":"2013-09-28T17:17:41","slug":"galicia-x-vitoria-hoje","status":"publish","type":"post","link":"https:\/\/esc3d.com.br\/galicia\/galicia-x-vitoria-hoje\/","title":{"rendered":"Gal\u00edcia x Vit\u00f3ria hoje!"},"content":{"rendered":"<p><a href=\"http:\/\/www.galiciaec.com.br\/wp-content\/uploads\/2013\/09\/20130928-galicia-vitoria-destaque.jpg\"><img decoding=\"async\" class=\"alignnone size-full wp-image-1918\" alt=\"20130928-galicia-vitoria-destaque\" src=\"http:\/\/www.galiciaec.com.br\/wp-content\/uploads\/2013\/09\/20130928-galicia-vitoria-destaque.jpg\" width=\"640\" height=\"360\" srcset=\"https:\/\/esc3d.com.br\/galicia\/wp-content\/uploads\/2013\/09\/20130928-galicia-vitoria-destaque-200x113.jpg 200w, https:\/\/esc3d.com.br\/galicia\/wp-content\/uploads\/2013\/09\/20130928-galicia-vitoria-destaque-300x169.jpg 300w, https:\/\/esc3d.com.br\/galicia\/wp-content\/uploads\/2013\/09\/20130928-galicia-vitoria-destaque-400x225.jpg 400w, https:\/\/esc3d.com.br\/galicia\/wp-content\/uploads\/2013\/09\/20130928-galicia-vitoria-destaque-600x338.jpg 600w, https:\/\/esc3d.com.br\/galicia\/wp-content\/uploads\/2013\/09\/20130928-galicia-vitoria-destaque.jpg 640w\" sizes=\"(max-width: 767px) 100vw, 640px\" \/><\/a><\/p>\n<p>Um dos mais tradicionais cl\u00e1ssicos do futebol baiano ser\u00e1 revivido neste s\u00e1bado \u00e0 tarde no Est\u00e1dio de Pitua\u00e7u, a partir das 16:00. Gal\u00edcia e Vit\u00f3ria se enfrentar\u00e3o na abertura da Copa Governador do Estado, competi\u00e7\u00e3o que funciona como porta de entrada para a Copa do Brasil e a S\u00e9rie D do Campeonato Brasileiro 2014.<\/p>\n<p>Ser\u00e1 a primeira vez que as duas equipes se enfrentam em competi\u00e7\u00f5es oficiais desde 2006. O Demolidor de Campe\u00f5es far\u00e1 o seu primeiro cl\u00e1ssico depois de ter retornado brilhantemente \u00e0 elite do futebol baiano.<\/p>\n<p>O trio de arbitragem j\u00e1 est\u00e1 definido, com \u00a0Daniella Coutinho Pinto e seus auxiliares Carlos Eduardo Bregalda Gussen e Arl\u00e3 Jos\u00e9 Estrela de Souza.<\/p>\n<h3>Refor\u00e7os<\/h3>\n<p>Na sexta-feira, tr\u00eas novos refor\u00e7os foram regularizados pelo Gal\u00edcia: o zagueiro Felipe, o meia Brendon e o atacante Valber. Estar\u00e3o, portanto, \u00e0 disposi\u00e7\u00e3o do treinador galiciano Waguinho Dias, que deve anunciar durante o s\u00e1bado o onze inicial que ir\u00e1 a campo (<a href=\"http:\/\/www.galiciaec.com.br\/profissional\/jogadores\/\">confira a lista de jogadores j\u00e1 regularizados<\/a>).<\/p>\n<p>Waguinho comandou, na manh\u00e3 de sexta, no Parque Santiago, a \u00faltima sess\u00e3o de treinamentos, um treino t\u00e1tico e t\u00e9cnico que incluiu a pr\u00e1tica de p\u00eanaltis e faltas e um coletivo apronto.<\/p>\n<p><a href=\"http:\/\/www.galiciaec.com.br\/wp-content\/uploads\/2013\/09\/treino-galicia-1.jpg\"><img decoding=\"async\" class=\"alignnone size-thumbnail wp-image-1969\" alt=\"treino-galicia-1\" src=\"http:\/\/www.galiciaec.com.br\/wp-content\/uploads\/2013\/09\/treino-galicia-1-150x150.jpg\" width=\"150\" height=\"150\" srcset=\"https:\/\/esc3d.com.br\/galicia\/wp-content\/uploads\/2013\/09\/treino-galicia-1-66x66.jpg 66w, https:\/\/esc3d.com.br\/galicia\/wp-content\/uploads\/2013\/09\/treino-galicia-1-150x150.jpg 150w, https:\/\/esc3d.com.br\/galicia\/wp-content\/uploads\/2013\/09\/treino-galicia-1.jpg 800w\" sizes=\"(max-width: 150px) 100vw, 150px\" \/><\/a> <a href=\"http:\/\/www.galiciaec.com.br\/wp-content\/uploads\/2013\/09\/treino-galicia-2.jpg\"><img decoding=\"async\" class=\"alignnone size-thumbnail wp-image-1970\" alt=\"treino-galicia-2\" src=\"http:\/\/www.galiciaec.com.br\/wp-content\/uploads\/2013\/09\/treino-galicia-2-150x150.jpg\" width=\"150\" height=\"150\" srcset=\"https:\/\/esc3d.com.br\/galicia\/wp-content\/uploads\/2013\/09\/treino-galicia-2-66x66.jpg 66w, https:\/\/esc3d.com.br\/galicia\/wp-content\/uploads\/2013\/09\/treino-galicia-2-150x150.jpg 150w, https:\/\/esc3d.com.br\/galicia\/wp-content\/uploads\/2013\/09\/treino-galicia-2.jpg 800w\" sizes=\"(max-width: 150px) 100vw, 150px\" \/><\/a><\/p>\n<p>O treinador revelou ao site oficial que est\u00e1 ansioso e com muita vontade de ver o time logo em campo, correspondendo \u00e0s expectativas e seguindo as instru\u00e7\u00f5es que recebeu do comandante azulino nos \u00faltimos dias.<\/p>\n<p>Por outro lado, a diretoria espera um bom comparecimento da torcida azulina, que poder\u00e1 ver, pela primeira vez em 14 anos, o seu time jogando na condi\u00e7\u00e3o de equipe da Primeira Divis\u00e3o.<\/p>\n<p>Os ingressos para a partida custar\u00e3o R$ 30,00 a inteira e R$ 15,00 a meia. Se voc\u00ea \u00e9 estudante, n\u00e3o deixe de levar sua carteirinha como comprovante. Lembrando que mulheres e crian\u00e7as at\u00e9 12 anos de idade n\u00e3o pagam!<\/p>\n","protected":false},"excerpt":{"rendered":"<p>Gal\u00edcia estreia hoje \u00e0 tarde contra o Vitoria na Copa Governador do Estado.<\/p>\n","protected":false},"author":2,"featured_media":1918,"comment_status":"open","ping_status":"open","sticky":false,"template":"","format":"standard","meta":{"footnotes":""},"categories":[14],"tags":[866,1177],"class_list":["post-1968","post","type-post","status-publish","format-standard","has-post-thumbnail","hentry","category-noticias","tag-pituazul","tag-vitoria"],"_links":{"self":[{"href":"https:\/\/esc3d.com.br\/galicia\/wp-json\/wp\/v2\/posts\/1968","targetHints":{"allow":["GET"]}}],"collection":[{"href":"https:\/\/esc3d.com.br\/galicia\/wp-json\/wp\/v2\/posts"}],"about":[{"href":"https:\/\/esc3d.com.br\/galicia\/wp-json\/wp\/v2\/types\/post"}],"author":[{"embeddable":true,"href":"https:\/\/esc3d.com.br\/galicia\/wp-json\/wp\/v2\/users\/2"}],"replies":[{"embeddable":true,"href":"https:\/\/esc3d.com.br\/galicia\/wp-json\/wp\/v2\/comments?post=1968"}],"version-history":[{"count":0,"href":"https:\/\/esc3d.com.br\/galicia\/wp-json\/wp\/v2\/posts\/1968\/revisions"}],"wp:featuredmedia":[{"embeddable":true,"href":"https:\/\/esc3d.com.br\/galicia\/wp-json\/wp\/v2\/media\/1918"}],"wp:attachment":[{"href":"https:\/\/esc3d.com.br\/galicia\/wp-json\/wp\/v2\/media?parent=1968"}],"wp:term":[{"taxonomy":"category","embeddable":true,"href":"https:\/\/esc3d.com.br\/galicia\/wp-json\/wp\/v2\/categories?post=1968"},{"taxonomy":"post_tag","embeddable":true,"href":"https:\/\/esc3d.com.br\/galicia\/wp-json\/wp\/v2\/tags?post=1968"}],"curies":[{"name":"wp","href":"https:\/\/api.w.org\/{rel}","templated":true}]}}