{"id":1980,"date":"2013-09-29T23:46:42","date_gmt":"2013-09-30T02:46:42","guid":{"rendered":"http:\/\/www.galiciaec.com.br\/?p=1980"},"modified":"2013-09-29T23:46:42","modified_gmt":"2013-09-30T02:46:42","slug":"galicia-estreou-perdendo-na-copa-governador","status":"publish","type":"post","link":"https:\/\/esc3d.com.br\/galicia\/galicia-estreou-perdendo-na-copa-governador\/","title":{"rendered":"Gal\u00edcia estreou perdendo na Copa Governador"},"content":{"rendered":"<p><a href=\"http:\/\/www.galiciaec.com.br\/wp-content\/uploads\/2013\/09\/galicia-vitoria-destaque.jpg\"><img decoding=\"async\" class=\"alignnone  wp-image-1982\" alt=\"galicia-vitoria-destaque\" src=\"http:\/\/www.galiciaec.com.br\/wp-content\/uploads\/2013\/09\/galicia-vitoria-destaque-1024x576.jpg\" width=\"600\" srcset=\"https:\/\/esc3d.com.br\/galicia\/wp-content\/uploads\/2013\/09\/galicia-vitoria-destaque-200x113.jpg 200w, https:\/\/esc3d.com.br\/galicia\/wp-content\/uploads\/2013\/09\/galicia-vitoria-destaque-300x169.jpg 300w, https:\/\/esc3d.com.br\/galicia\/wp-content\/uploads\/2013\/09\/galicia-vitoria-destaque-400x225.jpg 400w, https:\/\/esc3d.com.br\/galicia\/wp-content\/uploads\/2013\/09\/galicia-vitoria-destaque-600x338.jpg 600w, https:\/\/esc3d.com.br\/galicia\/wp-content\/uploads\/2013\/09\/galicia-vitoria-destaque-768x432.jpg 768w, https:\/\/esc3d.com.br\/galicia\/wp-content\/uploads\/2013\/09\/galicia-vitoria-destaque-800x450.jpg 800w, https:\/\/esc3d.com.br\/galicia\/wp-content\/uploads\/2013\/09\/galicia-vitoria-destaque-1024x576.jpg 1024w, https:\/\/esc3d.com.br\/galicia\/wp-content\/uploads\/2013\/09\/galicia-vitoria-destaque-1200x675.jpg 1200w, https:\/\/esc3d.com.br\/galicia\/wp-content\/uploads\/2013\/09\/galicia-vitoria-destaque.jpg 1280w\" sizes=\"(max-width: 1024px) 100vw, 1024px\" \/><\/a><\/p>\n<p>O Gal\u00edcia estreou na Copa Governador na tarde deste s\u00e1bado em Pitua\u00e7u, perdendo para o Vit\u00f3ria por 2 x 1.<\/p>\n<p>O Azulino, que estreava treinador, come\u00e7ou na frente, com um gol de Diego Higino, em bela cobran\u00e7a de falta, aos 20 minutos do primeiro tempo. Poucos minutos depois, o Gal\u00edcia pediu um p\u00eanalti no mesmo Diego Higino, mas a ju\u00edza Daniela Coutinho Pinto mandou seguir o lance, apesar dos protestos galicianos.<\/p>\n<p>O time de Waguinho Dias, mesmo tendo maior volume de jogo, acabou sofrendo o empate aos 38 minutos, e foi para o intervalo com o placar igualado.<\/p>\n<p>No segundo tempo, Gl\u00e1ucio perdeu uma grande chance de deixar o Gal\u00edcia novamente \u00e0 frente, logo aos 3 minutos, quando entrou livre na \u00e1rea, chutou rasteiro, mas o goleiro Luan fez uma grande defesa. Pouco tempo depois, aos 10 minutos, veio o gol da virada do Vit\u00f3ria, atrav\u00e9s de Marcone.<\/p>\n<p>A partir dali, o Gal\u00edcia tentou como p\u00f4de o empate, mas esbarrou sempre no bom goleiro Luan, que, com suas defesas, assegurou o resultado para o rubro-negro. J\u00e1 o Vit\u00f3ria teve ainda um jogador expulso: o zagueiro Matheus, que, aos 30 minutos do segundo tempo, levou o segundo cart\u00e3o amarelo. Mesmo com um a menos, o time aguentou a forte press\u00e3o galiciana nos quinze minutos finais e voltou para casa com o resultado positivo.<\/p>\n<p><a title=\"Lance-a-lance Gal\u00edcia 1 x 2 Vit\u00f3ria\" href=\"http:\/\/www.galiciaec.com.br\/match\/1674\/\">Clique aqui<\/a> para ver como narramos o jogo no lance-a-lance do site oficial.<\/p>\n<p><span style=\"font-size: 13px; line-height: 19px;\">No outro jogo do grupo 1, o Bahia venceu o Jacuipense por 2 x 1 neste domingo na Fonte Nova. Agora, Bahia e Vit\u00f3ria lideram o grupo, ambos com 3 pontos, enquanto Gal\u00edcia e Jacuipense os seguem sem nenhum ponto (<a title=\"Copa Governador do Estado da Bahia 2013\" href=\"http:\/\/www.galiciaec.com.br\/competicoes\/copa-governador-2013\/\">confira a tabela e classifica\u00e7\u00e3o<\/a>).<\/span><\/p>\n<p>O \u00a0Gal\u00edcia ter\u00e1 toda a semana para preparar-se para o jogo contra o Jacuipense, pela segunda rodada da competi\u00e7\u00e3o. A partida ser\u00e1 no pr\u00f3ximo s\u00e1bado em Pitua\u00e7u, \u00e0s 16:00. Que a equipe consiga dar a volta por cima!<\/p>\n<p>Veja abaixo alguns lances da partida. Clique nas fotos para ampli\u00e1-las (fotos: Beto Boullosa e Jeov\u00e1 Torres).<\/p>\n<p><a href=\"http:\/\/www.galiciaec.com.br\/wp-content\/uploads\/2013\/09\/galicia-vitoria-1.jpg\"><img decoding=\"async\" class=\"alignnone size-thumbnail wp-image-1983\" alt=\"galicia-vitoria-1\" src=\"http:\/\/www.galiciaec.com.br\/wp-content\/uploads\/2013\/09\/galicia-vitoria-1-150x150.jpg\" width=\"150\" height=\"150\" srcset=\"https:\/\/esc3d.com.br\/galicia\/wp-content\/uploads\/2013\/09\/galicia-vitoria-1-66x66.jpg 66w, https:\/\/esc3d.com.br\/galicia\/wp-content\/uploads\/2013\/09\/galicia-vitoria-1-150x150.jpg 150w, https:\/\/esc3d.com.br\/galicia\/wp-content\/uploads\/2013\/09\/galicia-vitoria-1.jpg 800w\" sizes=\"(max-width: 150px) 100vw, 150px\" \/><\/a> <a href=\"http:\/\/www.galiciaec.com.br\/wp-content\/uploads\/2013\/09\/galicia-vitoria-2.jpg\"><img decoding=\"async\" class=\"alignnone size-thumbnail wp-image-1984\" alt=\"galicia-vitoria-2\" src=\"http:\/\/www.galiciaec.com.br\/wp-content\/uploads\/2013\/09\/galicia-vitoria-2-150x150.jpg\" width=\"150\" height=\"150\" srcset=\"https:\/\/esc3d.com.br\/galicia\/wp-content\/uploads\/2013\/09\/galicia-vitoria-2-66x66.jpg 66w, https:\/\/esc3d.com.br\/galicia\/wp-content\/uploads\/2013\/09\/galicia-vitoria-2-150x150.jpg 150w, https:\/\/esc3d.com.br\/galicia\/wp-content\/uploads\/2013\/09\/galicia-vitoria-2.jpg 800w\" sizes=\"(max-width: 150px) 100vw, 150px\" \/><\/a><\/p>\n<p><a href=\"http:\/\/www.galiciaec.com.br\/wp-content\/uploads\/2013\/09\/galicia-vitoria-3.jpg\"><img decoding=\"async\" class=\"alignnone size-thumbnail wp-image-1985\" alt=\"galicia-vitoria-3\" src=\"http:\/\/www.galiciaec.com.br\/wp-content\/uploads\/2013\/09\/galicia-vitoria-3-150x150.jpg\" width=\"150\" height=\"150\" srcset=\"https:\/\/esc3d.com.br\/galicia\/wp-content\/uploads\/2013\/09\/galicia-vitoria-3-66x66.jpg 66w, https:\/\/esc3d.com.br\/galicia\/wp-content\/uploads\/2013\/09\/galicia-vitoria-3-150x150.jpg 150w, https:\/\/esc3d.com.br\/galicia\/wp-content\/uploads\/2013\/09\/galicia-vitoria-3.jpg 800w\" sizes=\"(max-width: 150px) 100vw, 150px\" \/><\/a> <a href=\"http:\/\/www.galiciaec.com.br\/wp-content\/uploads\/2013\/09\/galicia-vitoria-4.jpg\"><img decoding=\"async\" class=\"alignnone size-thumbnail wp-image-1986\" alt=\"galicia-vitoria-4\" src=\"http:\/\/www.galiciaec.com.br\/wp-content\/uploads\/2013\/09\/galicia-vitoria-4-150x150.jpg\" width=\"150\" height=\"150\" srcset=\"https:\/\/esc3d.com.br\/galicia\/wp-content\/uploads\/2013\/09\/galicia-vitoria-4-66x66.jpg 66w, https:\/\/esc3d.com.br\/galicia\/wp-content\/uploads\/2013\/09\/galicia-vitoria-4-150x150.jpg 150w, https:\/\/esc3d.com.br\/galicia\/wp-content\/uploads\/2013\/09\/galicia-vitoria-4.jpg 800w\" sizes=\"(max-width: 150px) 100vw, 150px\" \/><\/a><\/p>\n","protected":false},"excerpt":{"rendered":"<p>Gal\u00edcia estreou na Copa Governador perdendo por 2 x 1 para o Vit\u00f3ria.<\/p>\n","protected":false},"author":2,"featured_media":1982,"comment_status":"open","ping_status":"open","sticky":false,"template":"","format":"standard","meta":{"footnotes":""},"categories":[14],"tags":[1177],"class_list":["post-1980","post","type-post","status-publish","format-standard","has-post-thumbnail","hentry","category-noticias","tag-vitoria"],"_links":{"self":[{"href":"https:\/\/esc3d.com.br\/galicia\/wp-json\/wp\/v2\/posts\/1980","targetHints":{"allow":["GET"]}}],"collection":[{"href":"https:\/\/esc3d.com.br\/galicia\/wp-json\/wp\/v2\/posts"}],"about":[{"href":"https:\/\/esc3d.com.br\/galicia\/wp-json\/wp\/v2\/types\/post"}],"author":[{"embeddable":true,"href":"https:\/\/esc3d.com.br\/galicia\/wp-json\/wp\/v2\/users\/2"}],"replies":[{"embeddable":true,"href":"https:\/\/esc3d.com.br\/galicia\/wp-json\/wp\/v2\/comments?post=1980"}],"version-history":[{"count":0,"href":"https:\/\/esc3d.com.br\/galicia\/wp-json\/wp\/v2\/posts\/1980\/revisions"}],"wp:featuredmedia":[{"embeddable":true,"href":"https:\/\/esc3d.com.br\/galicia\/wp-json\/wp\/v2\/media\/1982"}],"wp:attachment":[{"href":"https:\/\/esc3d.com.br\/galicia\/wp-json\/wp\/v2\/media?parent=1980"}],"wp:term":[{"taxonomy":"category","embeddable":true,"href":"https:\/\/esc3d.com.br\/galicia\/wp-json\/wp\/v2\/categories?post=1980"},{"taxonomy":"post_tag","embeddable":true,"href":"https:\/\/esc3d.com.br\/galicia\/wp-json\/wp\/v2\/tags?post=1980"}],"curies":[{"name":"wp","href":"https:\/\/api.w.org\/{rel}","templated":true}]}}