{"id":2004,"date":"2013-10-02T23:59:41","date_gmt":"2013-10-03T02:59:41","guid":{"rendered":"http:\/\/www.galiciaec.com.br\/?p=2004"},"modified":"2013-10-02T23:59:41","modified_gmt":"2013-10-03T02:59:41","slug":"galicia-preparando-se-para-o-jacuipense","status":"publish","type":"post","link":"https:\/\/esc3d.com.br\/galicia\/galicia-preparando-se-para-o-jacuipense\/","title":{"rendered":"Gal\u00edcia preparando-se para o Jacuipense"},"content":{"rendered":"<p><a href=\"http:\/\/www.galiciaec.com.br\/wp-content\/uploads\/2013\/10\/jacuipense-galicia-destaque.jpg\"><img decoding=\"async\" class=\"alignnone size-full wp-image-2005\" alt=\"jacuipense-galicia-destaque\" src=\"http:\/\/www.galiciaec.com.br\/wp-content\/uploads\/2013\/10\/jacuipense-galicia-destaque.jpg\" width=\"661\" height=\"319\" srcset=\"https:\/\/esc3d.com.br\/galicia\/wp-content\/uploads\/2013\/10\/jacuipense-galicia-destaque-200x97.jpg 200w, https:\/\/esc3d.com.br\/galicia\/wp-content\/uploads\/2013\/10\/jacuipense-galicia-destaque-300x145.jpg 300w, https:\/\/esc3d.com.br\/galicia\/wp-content\/uploads\/2013\/10\/jacuipense-galicia-destaque-400x193.jpg 400w, https:\/\/esc3d.com.br\/galicia\/wp-content\/uploads\/2013\/10\/jacuipense-galicia-destaque-600x290.jpg 600w, https:\/\/esc3d.com.br\/galicia\/wp-content\/uploads\/2013\/10\/jacuipense-galicia-destaque.jpg 661w\" sizes=\"(max-width: 767px) 100vw, 661px\" \/><\/a><\/p>\n<p>O Gal\u00edcia est\u00e1 trabalhando duro durante esta semana, sob o comando de Waguinho Dias, para se recuperar da derrota sofrida contra o Vit\u00f3ria, no \u00faltimo s\u00e1bado, pela rodada de estreia da Copa Governador do Estado 2013.<\/p>\n<p>Os jogadores tiveram a manh\u00e3 de segunda de folga, voltando a se apresentar pela tarde, quando realizaram um treino regenerativo, supervisionados pelo preparador f\u00edsico Agenor Junqueira.<\/p>\n<p>Na ter\u00e7a-feira, o grupo trabalhou em dois turnos, e, nesta quarta-feira, realizou um treino t\u00e9cnico somente no per\u00edodo da manh\u00e3.<\/p>\n<p>Na quinta, voltam a trabalhar pela manh\u00e3, mais uma vez um treino t\u00e9cnico, e, na sexta-feira, encerram os preparativos com um treinamento t\u00e1tico e um coletivo apronto pela manh\u00e3.<\/p>\n<p>N\u00e3o haver\u00e1 concentra\u00e7\u00e3o. Os atletas ir\u00e3o se apresentar no Parque Santiago no s\u00e1bado pela manh\u00e3, de onde se dirigir\u00e3o para o Est\u00e1dio de Pitua\u00e7u.<\/p>\n<h3>Mudan\u00e7a no hor\u00e1rio do jogo<\/h3>\n<p>O jogo contra o Jacuipense (que ser\u00e1 o mandante) estava marcado inicialmente para as 16:00. Por\u00e9m, a Federa\u00e7\u00e3o Baiana de Futebol alterou o hor\u00e1rio de in\u00edcio, que ser\u00e1 \u00e0s 15:30. O torcedor deve estar, portanto, atento a esta modifica\u00e7\u00e3o!<\/p>\n","protected":false},"excerpt":{"rendered":"<p>O Gal\u00edcia est\u00e1 trabalhando duro durante esta semana, sob o comando de Waguinho Dias, para recuperar-se da derrota sofrida contra o Vit\u00f3ria, no \u00faltimo s\u00e1bado, pela rodada de estreia da Copa Governador do Estado 2013.<\/p>\n","protected":false},"author":2,"featured_media":2005,"comment_status":"open","ping_status":"open","sticky":false,"template":"","format":"standard","meta":{"footnotes":""},"categories":[14],"tags":[655,865],"class_list":["post-2004","post","type-post","status-publish","format-standard","has-post-thumbnail","hentry","category-noticias","tag-jacuipense","tag-pituacu-2"],"_links":{"self":[{"href":"https:\/\/esc3d.com.br\/galicia\/wp-json\/wp\/v2\/posts\/2004","targetHints":{"allow":["GET"]}}],"collection":[{"href":"https:\/\/esc3d.com.br\/galicia\/wp-json\/wp\/v2\/posts"}],"about":[{"href":"https:\/\/esc3d.com.br\/galicia\/wp-json\/wp\/v2\/types\/post"}],"author":[{"embeddable":true,"href":"https:\/\/esc3d.com.br\/galicia\/wp-json\/wp\/v2\/users\/2"}],"replies":[{"embeddable":true,"href":"https:\/\/esc3d.com.br\/galicia\/wp-json\/wp\/v2\/comments?post=2004"}],"version-history":[{"count":0,"href":"https:\/\/esc3d.com.br\/galicia\/wp-json\/wp\/v2\/posts\/2004\/revisions"}],"wp:featuredmedia":[{"embeddable":true,"href":"https:\/\/esc3d.com.br\/galicia\/wp-json\/wp\/v2\/media\/2005"}],"wp:attachment":[{"href":"https:\/\/esc3d.com.br\/galicia\/wp-json\/wp\/v2\/media?parent=2004"}],"wp:term":[{"taxonomy":"category","embeddable":true,"href":"https:\/\/esc3d.com.br\/galicia\/wp-json\/wp\/v2\/categories?post=2004"},{"taxonomy":"post_tag","embeddable":true,"href":"https:\/\/esc3d.com.br\/galicia\/wp-json\/wp\/v2\/tags?post=2004"}],"curies":[{"name":"wp","href":"https:\/\/api.w.org\/{rel}","templated":true}]}}