{"id":2013,"date":"2013-10-04T01:08:58","date_gmt":"2013-10-04T04:08:58","guid":{"rendered":"http:\/\/www.galiciaec.com.br\/?p=2013"},"modified":"2013-10-04T01:08:58","modified_gmt":"2013-10-04T04:08:58","slug":"reforcos-sao-regularizados","status":"publish","type":"post","link":"https:\/\/esc3d.com.br\/galicia\/reforcos-sao-regularizados\/","title":{"rendered":"Refor\u00e7os s\u00e3o regularizados"},"content":{"rendered":"<div id=\"attachment_2014\" style=\"width: 610px\" class=\"wp-caption alignnone\"><a href=\"http:\/\/www.galiciaec.com.br\/wp-content\/uploads\/2013\/10\/alex-cristiano.jpg\"><img decoding=\"async\" aria-describedby=\"caption-attachment-2014\" class=\" wp-image-2014 \" alt=\"Cristiano e Alex\" src=\"http:\/\/www.galiciaec.com.br\/wp-content\/uploads\/2013\/10\/alex-cristiano.jpg\" width=\"600\" srcset=\"https:\/\/esc3d.com.br\/galicia\/wp-content\/uploads\/2013\/10\/alex-cristiano-200x113.jpg 200w, https:\/\/esc3d.com.br\/galicia\/wp-content\/uploads\/2013\/10\/alex-cristiano-300x169.jpg 300w, https:\/\/esc3d.com.br\/galicia\/wp-content\/uploads\/2013\/10\/alex-cristiano-400x225.jpg 400w, https:\/\/esc3d.com.br\/galicia\/wp-content\/uploads\/2013\/10\/alex-cristiano-600x338.jpg 600w, https:\/\/esc3d.com.br\/galicia\/wp-content\/uploads\/2013\/10\/alex-cristiano.jpg 640w\" sizes=\"(max-width: 767px) 100vw, 640px\" \/><\/a><p id=\"caption-attachment-2014\" class=\"wp-caption-text\">Cristiano e Alex<\/p><\/div>\n<p>O Gal\u00edcia teve seis novos refor\u00e7os regularizados entre quarta e quinta-feira. Os atletas, que j\u00e1 vinham treinando no Parque Santiago, j\u00e1 poder\u00e3o ser utilizados pelo treinador Waguinho Dias a partir deste s\u00e1bado, no <a title=\"Gal\u00edcia preparando-se para o Jacuipense\" href=\"http:\/\/www.galiciaec.com.br\/2013\/10\/02\/galicia-preparando-se-para-o-jacuipense\/\">jogo contra o Jacuipense em Pitua\u00e7u<\/a>, \u00e0s 15:30, pela segunda rodada da Copa Governador do Estado 2013.<\/p>\n<p>Entre os refor\u00e7os, dois jogadores que j\u00e1 haviam integrado o elenco azulino na primeira metade da Segunda Divis\u00e3o do Campeonato Baiano 2013: o atacante <a title=\"Alex\" href=\"http:\/\/www.galiciaec.com.br\/player\/alex\/\">Alex<\/a> e o meia <a title=\"Cristiano\" href=\"http:\/\/www.galiciaec.com.br\/player\/cristiano\/\">Cristiano<\/a>. Ambos retornam com muita vontade de contribuir para o sucesso galiciano na Copa Governador.\u00a0Al\u00e9m deles, incorporaram-se ao grupo duas novas contrata\u00e7\u00f5es, os meias-atacantes Rafael e Marcos, e dois atletas emprestados do Bahia: Ruan e Erick.<\/p>\n<p>Alex Nunes Pinheiro do Carmo (S\u00e3o Paulo-SP, 26\/09\/1988) \u00a0\u00e9 um atacante r\u00e1pido e habilidoso, destaca-se por seus dribles e dom\u00ednio de bola. Em 2013, fez o seu primeiro contrato como profissional no Gal\u00edcia.<\/p>\n<p>Cristiano Viana Mendes (Nova Esperan\u00e7a-PR, 06\/06\/1987) jogou no Portimonense de Portugal e no Ava\u00ed-SC, pelo qual conquistou o acesso \u00e0 S\u00e9rie A e o Campeonato Catarinense. Atuou no futebol baiano pelo Madre de Deus e Cama\u00e7ari. Tamb\u00e9m passou pelo S\u00e3o Luiz-RS, Juventus-RS, Primavera-MT.<\/p>\n<p><span style=\"font-size: 13px; line-height: 19px;\">Rafael Barbosa dos Santos (22\/02\/1992) formou-se na base do Vila Nova-GO, onde se profissionalizou. Atuou tamb\u00e9m no Aparecida-GO.\u00a0<\/span><\/p>\n<p>Marcos Douglas Gon\u00e7alves Gomes (30\/04\/1992) jogou nas divis\u00f5es de base do Vit\u00f3ria, onde se profissionalizou em 2008. Depois do Vit\u00f3ria, passou pelo Betim-MG, Barueri-SP e Valeriodoce-MG.<\/p>\n<h3>Empr\u00e9stimos do Bahia<\/h3>\n<p>Waguinho Dias contar\u00e1 tamb\u00e9m com dois atletas emprestados pelo Bahia: o goleiro Ruan e o atacante Erick.<\/p>\n<p>Ruan Gusmao Pereira Borges (15\/01\/1992) formou-se nas divis\u00f5es de base do Cruzeiro, time no qual se profissionalizou. Atuou no Ita\u00fana, Juazeirense e Bahia, antes de vir emprestado para o Galicia.<\/p>\n<p>Erick Luis Palma dos Santos (16\/07\/1992) \u00e9 um atacante que, nas divis\u00f5es de base, atuou na Portuguesa Santista, Atl\u00e2ntico e Botafogo-RJ. Seu primeiro contrato profissional foi com o SK Hlavice, da Rep\u00fablica Tcheca, em 2011. Em janeiro de 2013, foi contratado pelo Bahia, que o emprestou ao Olaria durante alguns meses. De volta ao clube baiano, foi emprestado ao Gal\u00edcia para a Copa do Governador.<\/p>\n","protected":false},"excerpt":{"rendered":"<p>O Gal\u00edcia teve seis novos refor\u00e7os regularizados entre quarta e quinta-feira. Os atletas, que j\u00e1 vinham treinando no Parque Santiago, j\u00e1 poder\u00e3o ser utilizados pelo treinador Waguinho Dias a partir deste s\u00e1bado, no jogo contra o Jacuipense em Pitua\u00e7u, \u00e0s 15:30, pela segunda rodada da Copa Governador do Estado 2013.<\/p>\n","protected":false},"author":2,"featured_media":2014,"comment_status":"open","ping_status":"open","sticky":false,"template":"","format":"standard","meta":{"footnotes":""},"categories":[14],"tags":[952],"class_list":["post-2013","post","type-post","status-publish","format-standard","has-post-thumbnail","hentry","category-noticias","tag-reforcos"],"_links":{"self":[{"href":"https:\/\/esc3d.com.br\/galicia\/wp-json\/wp\/v2\/posts\/2013","targetHints":{"allow":["GET"]}}],"collection":[{"href":"https:\/\/esc3d.com.br\/galicia\/wp-json\/wp\/v2\/posts"}],"about":[{"href":"https:\/\/esc3d.com.br\/galicia\/wp-json\/wp\/v2\/types\/post"}],"author":[{"embeddable":true,"href":"https:\/\/esc3d.com.br\/galicia\/wp-json\/wp\/v2\/users\/2"}],"replies":[{"embeddable":true,"href":"https:\/\/esc3d.com.br\/galicia\/wp-json\/wp\/v2\/comments?post=2013"}],"version-history":[{"count":0,"href":"https:\/\/esc3d.com.br\/galicia\/wp-json\/wp\/v2\/posts\/2013\/revisions"}],"wp:featuredmedia":[{"embeddable":true,"href":"https:\/\/esc3d.com.br\/galicia\/wp-json\/wp\/v2\/media\/2014"}],"wp:attachment":[{"href":"https:\/\/esc3d.com.br\/galicia\/wp-json\/wp\/v2\/media?parent=2013"}],"wp:term":[{"taxonomy":"category","embeddable":true,"href":"https:\/\/esc3d.com.br\/galicia\/wp-json\/wp\/v2\/categories?post=2013"},{"taxonomy":"post_tag","embeddable":true,"href":"https:\/\/esc3d.com.br\/galicia\/wp-json\/wp\/v2\/tags?post=2013"}],"curies":[{"name":"wp","href":"https:\/\/api.w.org\/{rel}","templated":true}]}}