{"id":2019,"date":"2013-10-05T00:49:15","date_gmt":"2013-10-05T03:49:15","guid":{"rendered":"http:\/\/www.galiciaec.com.br\/?p=2019"},"modified":"2013-10-05T00:49:15","modified_gmt":"2013-10-05T03:49:15","slug":"waguinho-dias-confiante-para-jogo-de-sabado","status":"publish","type":"post","link":"https:\/\/esc3d.com.br\/galicia\/waguinho-dias-confiante-para-jogo-de-sabado\/","title":{"rendered":"Waguinho Dias confiante para jogo de s\u00e1bado"},"content":{"rendered":"<div id=\"attachment_2020\" style=\"width: 610px\" class=\"wp-caption alignnone\"><a href=\"http:\/\/www.galiciaec.com.br\/wp-content\/uploads\/2013\/10\/waguinho-dias-galicia.jpg\"><img decoding=\"async\" aria-describedby=\"caption-attachment-2020\" class=\" wp-image-2020 \" alt=\"Waguinho Dias. Foto: Beto Boullosa\" src=\"http:\/\/www.galiciaec.com.br\/wp-content\/uploads\/2013\/10\/waguinho-dias-galicia-1024x682.jpg\" width=\"600\" \/><\/a><p id=\"caption-attachment-2020\" class=\"wp-caption-text\">Waguinho Dias. Foto: Beto Boullosa<\/p><\/div>\n<p>O t\u00e9cnico galiciano Waguinho Dias, em depoimento ao site oficial, revelou-se confiante para o jogo do Gal\u00edcia neste s\u00e1bado \u00e0 tarde em Pitua\u00e7u, \u00e0s 15:30, contra o Jacuipense, pela segunda rodada da <a title=\"Copa Governador do Estado 2013\" href=\"http:\/\/www.galiciaec.com.br\/competicoes\/copa-governador-2013\/\">Copa Governador do Estado 2013<\/a>.<\/p>\n<p>Dadas as circunst\u00e2ncias, Waguinho acredita que sua equipe fez uma boa partida na <a title=\"Gal\u00edcia estreou perdendo na Copa Governador\" href=\"http:\/\/www.galiciaec.com.br\/2013\/09\/29\/galicia-estreou-perdendo-na-copa-governador\/\">estreia contra o Vit\u00f3ria<\/a>, mas lhe faltou melhor poder de conclus\u00e3o para conseguir um resultado positivo. Ele salientou que o time teve apenas uma \u00a0semana de treinamento antes de estrear, os jogadores ainda n\u00e3o haviam atingido a melhor forma f\u00edsica, e o time ainda n\u00e3o estava suficientemente entrosado.<\/p>\n<p>Segundo ele, o trabalho realizado durante a semana procurou suprir essas car\u00eancias, fazendo com que os jogadores estejam agora em condi\u00e7\u00f5es bem superiores ao jogo do \u00faltimo s\u00e1bado, mais entrosados e adaptados ao seu esquema de jogo e padr\u00e3o de treinamento.<\/p>\n<p>Por tudo isso, o treinador, que viu a derrota do Jacuipense frente ao Bahia no domingo passado, considera que o Gal\u00edcia tem plenas condi\u00e7\u00f5es de obter \u00a0uma vit\u00f3ria no jogo deste s\u00e1bado.<\/p>\n<p>E, apesar dos <a title=\"Refor\u00e7os s\u00e3o regularizados\" href=\"http:\/\/www.galiciaec.com.br\/2013\/10\/04\/reforcos-sao-regularizados\/\">refor\u00e7os que chegaram durante a semana<\/a>, Waguinho mandar\u00e1 a campo o mesmo onze que iniciou o jogo contra o Vit\u00f3ria:\u00a0Maxwel, Ant\u00f4nio Carlos, Totinga, Luanderson e Ricardinho; Victor, Brendon, Gl\u00e1ucio e Elenilson; Diego Higino e Fernando Hulk.<\/p>\n<p>O t\u00e9cnico aproveitou para convocar o torcedor galiciano, para que este compare\u00e7a a Pitua\u00e7u e apoie o seu time do cora\u00e7\u00e3o.<\/p>\n<p>Boa sorte, Waguinho, a voc\u00ea e todo o elenco!<\/p>\n","protected":false},"excerpt":{"rendered":"<p>O t\u00e9cnico galiciano Waguinho Dias, em depoimento ao site oficial, revelou-se confiante para o jogo do Gal\u00edcia neste s\u00e1bado \u00e0 tarde em Pitua\u00e7u, \u00e0s 15:30, contra o Jacuipense, pela segunda rodada da Copa Governador do Estado 2013.<\/p>\n","protected":false},"author":2,"featured_media":2023,"comment_status":"open","ping_status":"open","sticky":false,"template":"","format":"standard","meta":{"footnotes":""},"categories":[14],"tags":[1183],"class_list":["post-2019","post","type-post","status-publish","format-standard","has-post-thumbnail","hentry","category-noticias","tag-waguinho-dias"],"_links":{"self":[{"href":"https:\/\/esc3d.com.br\/galicia\/wp-json\/wp\/v2\/posts\/2019","targetHints":{"allow":["GET"]}}],"collection":[{"href":"https:\/\/esc3d.com.br\/galicia\/wp-json\/wp\/v2\/posts"}],"about":[{"href":"https:\/\/esc3d.com.br\/galicia\/wp-json\/wp\/v2\/types\/post"}],"author":[{"embeddable":true,"href":"https:\/\/esc3d.com.br\/galicia\/wp-json\/wp\/v2\/users\/2"}],"replies":[{"embeddable":true,"href":"https:\/\/esc3d.com.br\/galicia\/wp-json\/wp\/v2\/comments?post=2019"}],"version-history":[{"count":0,"href":"https:\/\/esc3d.com.br\/galicia\/wp-json\/wp\/v2\/posts\/2019\/revisions"}],"wp:featuredmedia":[{"embeddable":true,"href":"https:\/\/esc3d.com.br\/galicia\/wp-json\/wp\/v2\/media\/2023"}],"wp:attachment":[{"href":"https:\/\/esc3d.com.br\/galicia\/wp-json\/wp\/v2\/media?parent=2019"}],"wp:term":[{"taxonomy":"category","embeddable":true,"href":"https:\/\/esc3d.com.br\/galicia\/wp-json\/wp\/v2\/categories?post=2019"},{"taxonomy":"post_tag","embeddable":true,"href":"https:\/\/esc3d.com.br\/galicia\/wp-json\/wp\/v2\/tags?post=2019"}],"curies":[{"name":"wp","href":"https:\/\/api.w.org\/{rel}","templated":true}]}}