{"id":2026,"date":"2013-10-04T23:47:55","date_gmt":"2013-10-05T02:47:55","guid":{"rendered":"http:\/\/www.galiciaec.com.br\/?p=2026"},"modified":"2013-10-04T23:47:55","modified_gmt":"2013-10-05T02:47:55","slug":"arbitragem-para-jacuipense-x-galicia","status":"publish","type":"post","link":"https:\/\/esc3d.com.br\/galicia\/arbitragem-para-jacuipense-x-galicia\/","title":{"rendered":"Arbitragem para Jacuipense x Gal\u00edcia"},"content":{"rendered":"<div id=\"attachment_2027\" style=\"width: 650px\" class=\"wp-caption alignnone\"><a href=\"http:\/\/www.galiciaec.com.br\/wp-content\/uploads\/2013\/10\/sorteio-arbitragem-jacuipense-galicia-destaque.jpg\"><img decoding=\"async\" aria-describedby=\"caption-attachment-2027\" class=\" wp-image-2027 \" alt=\"Foto: FBF \/ Divulga\u00e7\u00e3o\" src=\"http:\/\/www.galiciaec.com.br\/wp-content\/uploads\/2013\/10\/sorteio-arbitragem-jacuipense-galicia-destaque.jpg\" width=\"640\" srcset=\"https:\/\/esc3d.com.br\/galicia\/wp-content\/uploads\/2013\/10\/sorteio-arbitragem-jacuipense-galicia-destaque-200x113.jpg 200w, https:\/\/esc3d.com.br\/galicia\/wp-content\/uploads\/2013\/10\/sorteio-arbitragem-jacuipense-galicia-destaque-300x169.jpg 300w, https:\/\/esc3d.com.br\/galicia\/wp-content\/uploads\/2013\/10\/sorteio-arbitragem-jacuipense-galicia-destaque-400x225.jpg 400w, https:\/\/esc3d.com.br\/galicia\/wp-content\/uploads\/2013\/10\/sorteio-arbitragem-jacuipense-galicia-destaque-600x338.jpg 600w, https:\/\/esc3d.com.br\/galicia\/wp-content\/uploads\/2013\/10\/sorteio-arbitragem-jacuipense-galicia-destaque-768x432.jpg 768w, https:\/\/esc3d.com.br\/galicia\/wp-content\/uploads\/2013\/10\/sorteio-arbitragem-jacuipense-galicia-destaque.jpg 800w\" sizes=\"(max-width: 800px) 100vw, 800px\" \/><\/a><p id=\"caption-attachment-2027\" class=\"wp-caption-text\">Foto: FBF \/ Divulga\u00e7\u00e3o<\/p><\/div>\n<p>A FBF divulgou nesta quinta-feira a arbitragem para a partida Jacuipense x Gal\u00edcia, a ser disputada \u00e0s 15:30 deste s\u00e1bado em Pitua\u00e7u.<\/p>\n<p>Bruno Pereira Vasconcelos ser\u00e1 o \u00e1rbitro, auxiliado por Jucimar dos Santos Dias e Iv\u00e2nia do Nascimento Lopes. Completando a arbitragem, Ineildes Calheiro dos Santos.<\/p>\n<p>O sorteio dos \u00e1rbitros da segunda rodada da Copa Governador do Estado 2013 foi realizado no Audit\u00f3rio do TJD-BA, sob a coordena\u00e7\u00e3o do presidente da Ceaf-BA, Wilson Paim.<\/p>\n","protected":false},"excerpt":{"rendered":"<p>A FBF divulgou nesta quinta-feira a arbitragem para a partida Jacuipense x Gal\u00edcia, a ser disputada \u00e0s 15:30 deste s\u00e1bado em Pitua\u00e7u.<\/p>\n","protected":false},"author":2,"featured_media":2027,"comment_status":"open","ping_status":"open","sticky":false,"template":"","format":"standard","meta":{"footnotes":""},"categories":[14],"tags":[99,480,655,1191],"class_list":["post-2026","post","type-post","status-publish","format-standard","has-post-thumbnail","hentry","category-noticias","tag-arbitragem","tag-fbf","tag-jacuipense","tag-wilsom-paim"],"_links":{"self":[{"href":"https:\/\/esc3d.com.br\/galicia\/wp-json\/wp\/v2\/posts\/2026","targetHints":{"allow":["GET"]}}],"collection":[{"href":"https:\/\/esc3d.com.br\/galicia\/wp-json\/wp\/v2\/posts"}],"about":[{"href":"https:\/\/esc3d.com.br\/galicia\/wp-json\/wp\/v2\/types\/post"}],"author":[{"embeddable":true,"href":"https:\/\/esc3d.com.br\/galicia\/wp-json\/wp\/v2\/users\/2"}],"replies":[{"embeddable":true,"href":"https:\/\/esc3d.com.br\/galicia\/wp-json\/wp\/v2\/comments?post=2026"}],"version-history":[{"count":0,"href":"https:\/\/esc3d.com.br\/galicia\/wp-json\/wp\/v2\/posts\/2026\/revisions"}],"wp:featuredmedia":[{"embeddable":true,"href":"https:\/\/esc3d.com.br\/galicia\/wp-json\/wp\/v2\/media\/2027"}],"wp:attachment":[{"href":"https:\/\/esc3d.com.br\/galicia\/wp-json\/wp\/v2\/media?parent=2026"}],"wp:term":[{"taxonomy":"category","embeddable":true,"href":"https:\/\/esc3d.com.br\/galicia\/wp-json\/wp\/v2\/categories?post=2026"},{"taxonomy":"post_tag","embeddable":true,"href":"https:\/\/esc3d.com.br\/galicia\/wp-json\/wp\/v2\/tags?post=2026"}],"curies":[{"name":"wp","href":"https:\/\/api.w.org\/{rel}","templated":true}]}}