{"id":2076,"date":"2013-10-10T17:58:17","date_gmt":"2013-10-10T20:58:17","guid":{"rendered":"http:\/\/www.galiciaec.com.br\/?p=2076"},"modified":"2013-10-10T17:58:17","modified_gmt":"2013-10-10T20:58:17","slug":"treino-desta-quinta-foi-cancelado","status":"publish","type":"post","link":"https:\/\/esc3d.com.br\/galicia\/treino-desta-quinta-foi-cancelado\/","title":{"rendered":"Treino desta quinta foi cancelado"},"content":{"rendered":"<p><a href=\"http:\/\/www.galiciaec.com.br\/wp-content\/uploads\/2013\/08\/copa-governador-destaque.jpg\"><img decoding=\"async\" class=\"alignnone size-full wp-image-1712\" alt=\"copa-governador-destaque\" src=\"http:\/\/www.galiciaec.com.br\/wp-content\/uploads\/2013\/08\/copa-governador-destaque.jpg\" width=\"580\" height=\"315\" srcset=\"https:\/\/esc3d.com.br\/galicia\/wp-content\/uploads\/2013\/08\/copa-governador-destaque-200x109.jpg 200w, https:\/\/esc3d.com.br\/galicia\/wp-content\/uploads\/2013\/08\/copa-governador-destaque-300x163.jpg 300w, https:\/\/esc3d.com.br\/galicia\/wp-content\/uploads\/2013\/08\/copa-governador-destaque-400x217.jpg 400w, https:\/\/esc3d.com.br\/galicia\/wp-content\/uploads\/2013\/08\/copa-governador-destaque.jpg 580w\" sizes=\"(max-width: 767px) 100vw, 580px\" \/><\/a><\/p>\n<p>Devido \u00e0s fortes chuvas que caem em Salvador desde ontem, a sess\u00e3o de treinos prevista para a tarde desta quinta teve que ser cancelada, assim como um jogo-treino que havia sido marcado para o per\u00edodo da manh\u00e3 no Barrad\u00e3o, contra uma equipe da base do Vit\u00f3ria.<\/p>\n<p>O Gal\u00edcia, que se prepara para <a title=\"A volta do Cl\u00e1ssico das Cores!\" href=\"http:\/\/www.galiciaec.com.br\/2013\/10\/10\/a-volta-do-classico-das-cores\/\">a volta do Cl\u00e1ssico das Cores neste s\u00e1bado, \u00e0s 17:30, contra o Bahia<\/a>, retorna \u00e0s atividades amanh\u00e3 pela manh\u00e3,\u00a0com um treino t\u00e1tico no qual o treinador azulino, Waguinho Dias, ultimar\u00e1 as suas instru\u00e7\u00f5es para os atletas. Na sexta \u00e0 tarde haver\u00e1 descanso, j\u00e1 visando o jogo de s\u00e1bado.<\/p>\n<p>Por outro lado, o time treinou normalmente na quarta-feira, em um trabalho de\u00a0<span style=\"font-size: 13px; line-height: 19px;\">dois turnos: um treino t\u00e1tico no per\u00edodo da manh\u00e3, e, pela tarde, um trabalho f\u00edsico supervisionado pelo preparador Agenor Junqueira.<\/span><\/p>\n<p>Na ter\u00e7a, o trabalho foi tamb\u00e9m em dois turnos: f\u00edsico pela manh\u00e3 e t\u00e9cnico f\u00edsico pela tarde.\u00a0A prepara\u00e7\u00e3o para o jogo contra o Bahia iniciou-se na segunda-feira \u00e0 tarde, quando a equipe se reapresentou ap\u00f3s o empate com o Jacuipense e realizou um treinamento f\u00edsico em uma academia.<\/p>\n","protected":false},"excerpt":{"rendered":"<p>Devido \u00e0s fortes chuvas que caem em Salvador desde ontem, a sess\u00e3o de treinos prevista para a tarde desta quinta teve que ser cancelada, assim como um jogo-treino que havia sido marcado para o per\u00edodo da manh\u00e3 no Barrad\u00e3o, contra uma equipe da base do Vit\u00f3ria.<\/p>\n","protected":false},"author":2,"featured_media":1712,"comment_status":"open","ping_status":"open","sticky":false,"template":"","format":"standard","meta":{"footnotes":""},"categories":[14],"tags":[137,327,1133],"class_list":["post-2076","post","type-post","status-publish","format-standard","has-post-thumbnail","hentry","category-noticias","tag-bahia","tag-copa-governador-2013","tag-treinamentos"],"_links":{"self":[{"href":"https:\/\/esc3d.com.br\/galicia\/wp-json\/wp\/v2\/posts\/2076","targetHints":{"allow":["GET"]}}],"collection":[{"href":"https:\/\/esc3d.com.br\/galicia\/wp-json\/wp\/v2\/posts"}],"about":[{"href":"https:\/\/esc3d.com.br\/galicia\/wp-json\/wp\/v2\/types\/post"}],"author":[{"embeddable":true,"href":"https:\/\/esc3d.com.br\/galicia\/wp-json\/wp\/v2\/users\/2"}],"replies":[{"embeddable":true,"href":"https:\/\/esc3d.com.br\/galicia\/wp-json\/wp\/v2\/comments?post=2076"}],"version-history":[{"count":0,"href":"https:\/\/esc3d.com.br\/galicia\/wp-json\/wp\/v2\/posts\/2076\/revisions"}],"wp:featuredmedia":[{"embeddable":true,"href":"https:\/\/esc3d.com.br\/galicia\/wp-json\/wp\/v2\/media\/1712"}],"wp:attachment":[{"href":"https:\/\/esc3d.com.br\/galicia\/wp-json\/wp\/v2\/media?parent=2076"}],"wp:term":[{"taxonomy":"category","embeddable":true,"href":"https:\/\/esc3d.com.br\/galicia\/wp-json\/wp\/v2\/categories?post=2076"},{"taxonomy":"post_tag","embeddable":true,"href":"https:\/\/esc3d.com.br\/galicia\/wp-json\/wp\/v2\/tags?post=2076"}],"curies":[{"name":"wp","href":"https:\/\/api.w.org\/{rel}","templated":true}]}}