{"id":2078,"date":"2013-10-10T02:35:22","date_gmt":"2013-10-10T05:35:22","guid":{"rendered":"http:\/\/www.galiciaec.com.br\/?p=2078"},"modified":"2013-10-10T02:35:22","modified_gmt":"2013-10-10T05:35:22","slug":"a-volta-do-classico-das-cores","status":"publish","type":"post","link":"https:\/\/esc3d.com.br\/galicia\/a-volta-do-classico-das-cores\/","title":{"rendered":"A volta do Cl\u00e1ssico das Cores!"},"content":{"rendered":"<p><a href=\"http:\/\/www.galiciaec.com.br\/wp-content\/uploads\/2013\/10\/20131012-bahia-galicia.jpg\"><img decoding=\"async\" class=\"alignnone  wp-image-2080\" alt=\"20131012-bahia-galicia\" src=\"http:\/\/www.galiciaec.com.br\/wp-content\/uploads\/2013\/10\/20131012-bahia-galicia-730x1024.jpg\" width=\"600\" \/><\/a><\/p>\n<p>Neste s\u00e1bado, tem rodada dupla em Pituazul, pela terceira rodada da Copa do Governador 2013: \u00e0s 15:30, o Vit\u00f3ria enfrenta o Jacuipense, em partida v\u00e1lida pelo grupo 1 da competi\u00e7\u00e3o.<\/p>\n<p>Em seguida, \u00e0s 17:30, tamb\u00e9m pelo grupo 1, Bahia e Gal\u00edcia reviver\u00e3o um dos cl\u00e1ssicos mais tradicionais do futebol baiano, o chamado &#8220;Cl\u00e1ssico das Cores&#8221;.<\/p>\n<p>Ser\u00e1 a primeira vez, desde 2007, que Bahia e Gal\u00edcia enfrentam-se em uma partida oficial profissional. Naquele ano, ambos jogaram duas vezes pela extinta Ta\u00e7a Estado da Bahia. O tricolor, que viria a conquistar a Ta\u00e7a, levou a melhor em ambos os encontros, aplicando 4 x 1 na Fonte Nova e 3 x 1 no jogo de volta em Pitua\u00e7u.<\/p>\n<p>Neste s\u00e1bado, vamos torcer para que o Demolidor de Campe\u00f5es, de volta \u00e0 elite do futebol baiano, consiga se impor sobre o advers\u00e1rio e, assim, conquiste a sua primeira vit\u00f3ria na Copa do Governador, o que ser\u00e1 muito importante para deix\u00e1-lo em boas condi\u00e7\u00f5es de lutar por uma das vagas nas semifinais!<\/p>\n","protected":false},"excerpt":{"rendered":"<p>Neste s\u00e1bado, tem rodada dupla em Pituazul, pela terceira rodada da Copa do Governador 2013: \u00e0s 15:30, o Vit\u00f3ria enfrenta o Jacuipense, em partida v\u00e1lida pelo grupo 1 da competi\u00e7\u00e3o. Em seguida, \u00e0s 17:30, tamb\u00e9m pelo grupo 1, Bahia e Gal\u00edcia reviver\u00e3o um dos cl\u00e1ssicos mais tradicionais do futebol baiano, o chamado &#8220;Cl\u00e1ssico das Cores&#8221;.<\/p>\n","protected":false},"author":2,"featured_media":2079,"comment_status":"open","ping_status":"open","sticky":false,"template":"","format":"standard","meta":{"footnotes":""},"categories":[14],"tags":[137,264],"class_list":["post-2078","post","type-post","status-publish","format-standard","has-post-thumbnail","hentry","category-noticias","tag-bahia","tag-classico-das-cores"],"_links":{"self":[{"href":"https:\/\/esc3d.com.br\/galicia\/wp-json\/wp\/v2\/posts\/2078","targetHints":{"allow":["GET"]}}],"collection":[{"href":"https:\/\/esc3d.com.br\/galicia\/wp-json\/wp\/v2\/posts"}],"about":[{"href":"https:\/\/esc3d.com.br\/galicia\/wp-json\/wp\/v2\/types\/post"}],"author":[{"embeddable":true,"href":"https:\/\/esc3d.com.br\/galicia\/wp-json\/wp\/v2\/users\/2"}],"replies":[{"embeddable":true,"href":"https:\/\/esc3d.com.br\/galicia\/wp-json\/wp\/v2\/comments?post=2078"}],"version-history":[{"count":0,"href":"https:\/\/esc3d.com.br\/galicia\/wp-json\/wp\/v2\/posts\/2078\/revisions"}],"wp:featuredmedia":[{"embeddable":true,"href":"https:\/\/esc3d.com.br\/galicia\/wp-json\/wp\/v2\/media\/2079"}],"wp:attachment":[{"href":"https:\/\/esc3d.com.br\/galicia\/wp-json\/wp\/v2\/media?parent=2078"}],"wp:term":[{"taxonomy":"category","embeddable":true,"href":"https:\/\/esc3d.com.br\/galicia\/wp-json\/wp\/v2\/categories?post=2078"},{"taxonomy":"post_tag","embeddable":true,"href":"https:\/\/esc3d.com.br\/galicia\/wp-json\/wp\/v2\/tags?post=2078"}],"curies":[{"name":"wp","href":"https:\/\/api.w.org\/{rel}","templated":true}]}}