{"id":2087,"date":"2013-10-10T22:07:00","date_gmt":"2013-10-11T01:07:00","guid":{"rendered":"http:\/\/www.galiciaec.com.br\/?p=2087"},"modified":"2013-10-10T22:07:00","modified_gmt":"2013-10-11T01:07:00","slug":"diego-higino-deixa-o-galicia","status":"publish","type":"post","link":"https:\/\/esc3d.com.br\/galicia\/diego-higino-deixa-o-galicia\/","title":{"rendered":"Diego Higino deixa o Gal\u00edcia"},"content":{"rendered":"<div id=\"attachment_2089\" style=\"width: 610px\" class=\"wp-caption alignnone\"><a href=\"http:\/\/www.galiciaec.com.br\/wp-content\/uploads\/2013\/10\/diego-higino-galicia-campeao-segunda-divisao-2013.jpg\"><img decoding=\"async\" aria-describedby=\"caption-attachment-2089\" class=\" wp-image-2089 \" alt=\"Diego com o trof\u00e9u da Segunda Divis\u00e3o 2013\" src=\"http:\/\/www.galiciaec.com.br\/wp-content\/uploads\/2013\/10\/diego-higino-galicia-campeao-segunda-divisao-2013.jpg\" width=\"600\" srcset=\"https:\/\/esc3d.com.br\/galicia\/wp-content\/uploads\/2013\/10\/diego-higino-galicia-campeao-segunda-divisao-2013-200x130.jpg 200w, https:\/\/esc3d.com.br\/galicia\/wp-content\/uploads\/2013\/10\/diego-higino-galicia-campeao-segunda-divisao-2013-300x195.jpg 300w, https:\/\/esc3d.com.br\/galicia\/wp-content\/uploads\/2013\/10\/diego-higino-galicia-campeao-segunda-divisao-2013-400x261.jpg 400w, https:\/\/esc3d.com.br\/galicia\/wp-content\/uploads\/2013\/10\/diego-higino-galicia-campeao-segunda-divisao-2013-600x391.jpg 600w, https:\/\/esc3d.com.br\/galicia\/wp-content\/uploads\/2013\/10\/diego-higino-galicia-campeao-segunda-divisao-2013-768x500.jpg 768w, https:\/\/esc3d.com.br\/galicia\/wp-content\/uploads\/2013\/10\/diego-higino-galicia-campeao-segunda-divisao-2013.jpg 800w\" sizes=\"(max-width: 800px) 100vw, 800px\" \/><\/a><p id=\"caption-attachment-2089\" class=\"wp-caption-text\">Diego com o trof\u00e9u da Segunda Divis\u00e3o 2013. Foto: Beto Boullosa<\/p><\/div>\n<p><span style=\"font-size: 13px; line-height: 19px;\">O atacante Diego Higino foi contratado pelo Al Karkh SC, clube da Premier League do Iraque, e deixa assim o Gal\u00edcia, onde estava disputando a Copa Governador do Estado.<\/span><\/p>\n<p>O jogador de 27 anos tinha contrato com o Gal\u00edcia at\u00e9 dezembro, mas um acordo verbal com o clube deixava-o livre para sair em caso de receber uma proposta do exterior. Ele fechou um contrato de 10 meses com o Al Karkh, e deve embarcar nesta sexta para a Tun\u00edsia, onde a equipe iraquiana est\u00e1 realizando a pr\u00e9-temporada, preparando-se para o in\u00edcio da liga, que ocorrer\u00e1 em breve.<\/p>\n<p>O Al Khark \u00e9 um tradicional clube de Bagd\u00e1, fundado em 1963, campe\u00e3o iraquiano por tr\u00eas vezes e duas vezes campe\u00e3o da Copa do Iraque. O clube \u00e9 comandado por um portugu\u00eas, o t\u00e9cnico Ac\u00e1cio Casimiro, o que deve facilitar a adapta\u00e7\u00e3o de Diego.<\/p>\n<p>Diego Higino sai do Gal\u00edcia depois de haver atuado em duas partidas da <a href=\"http:\/\/www.galiciaec.com.br\/competicoes\/copa-governador-2013\/\">Copa Governador do Estado<\/a>, nas quais fez dois gols, sendo o atual artilheiro da competi\u00e7\u00e3o. O atleta participou tamb\u00e9m da campanha vitoriosa do Acesso, quando sagrou-se campe\u00e3o da <a href=\"http:\/\/www.galiciaec.com.br\/competicoes\/campeonato-baiano\/segunda-divisao-2013\/\">Segunda Divis\u00e3o Estadual 2013<\/a>, ajudando o Demolidor de Campe\u00f5es a retornar \u00e0 divis\u00e3o principal do futebol baiano depois de 14 anos. Com quatro gols anotados, ele foi o vice-artilheiro do Gal\u00edcia e da Segunda Divis\u00e3o, atr\u00e1s apenas do atacante Alem\u00e3o. Foi de Diego o <a title=\"Gal\u00edcia nas semifinais!\" href=\"http:\/\/www.galiciaec.com.br\/2013\/06\/29\/galicia-nas-semifinais\/\">gol decisivo contra o Ypiranga<\/a>, aos 50 minutos do segundo tempo, que levou o Gal\u00edcia \u00e0s semifinais e evitou a elimina\u00e7\u00e3o prematura na primeira fase.<\/p>\n<p>Diego Higino foi ainda artilheiro da <a title=\"Competi\u00e7\u00f5es granadeiras\" href=\"http:\/\/www.granadeiros.com\/competicoes\">Segunda Divis\u00e3o de Juniores <\/a>e da <a href=\"http:\/\/www.granadeiros.com\/competicoes\">Super Copa de Juniores em 2006<\/a>, e artilheiro da <a href=\"http:\/\/www.granadeiros.com\/competicoes\">Segunda Divis\u00e3o profissional em 2007<\/a>, todas atuando pelo Gal\u00edcia. Por tudo isso, \u00e9 um dos jogadores mais queridos pela torcida no passado recente do clube granadeiro.<\/p>\n<p>O Gal\u00edcia, apesar de sentir a perda deste excelente profissional e ser humano, deseja-lhe o melhor nesta nova etapa de sua carreira, torcendo para que ele tenha sucesso em campos estrangeiros. Nosso muito obrigado a Diego Higino por tudo que fez pelo clube, e muito boa sorte nos gramados do Iraque!<\/p>\n<div id=\"attachment_1273\" style=\"width: 610px\" class=\"wp-caption alignnone\"><a href=\"http:\/\/www.galiciaec.com.br\/wp-content\/uploads\/2013\/06\/ypiranga-galicia-diego-higino.jpg\"><img decoding=\"async\" aria-describedby=\"caption-attachment-1273\" class=\" wp-image-1273 \" alt=\"Comemorando o gol salvador contra o Ypiranga. Foto: Beto Boullosa\" src=\"http:\/\/www.galiciaec.com.br\/wp-content\/uploads\/2013\/06\/ypiranga-galicia-diego-higino-1024x576.jpg\" width=\"600\" srcset=\"https:\/\/esc3d.com.br\/galicia\/wp-content\/uploads\/2013\/06\/ypiranga-galicia-diego-higino-200x113.jpg 200w, https:\/\/esc3d.com.br\/galicia\/wp-content\/uploads\/2013\/06\/ypiranga-galicia-diego-higino-300x169.jpg 300w, https:\/\/esc3d.com.br\/galicia\/wp-content\/uploads\/2013\/06\/ypiranga-galicia-diego-higino-400x225.jpg 400w, https:\/\/esc3d.com.br\/galicia\/wp-content\/uploads\/2013\/06\/ypiranga-galicia-diego-higino-600x338.jpg 600w, https:\/\/esc3d.com.br\/galicia\/wp-content\/uploads\/2013\/06\/ypiranga-galicia-diego-higino-768x432.jpg 768w, https:\/\/esc3d.com.br\/galicia\/wp-content\/uploads\/2013\/06\/ypiranga-galicia-diego-higino-800x450.jpg 800w, https:\/\/esc3d.com.br\/galicia\/wp-content\/uploads\/2013\/06\/ypiranga-galicia-diego-higino-1024x576.jpg 1024w, https:\/\/esc3d.com.br\/galicia\/wp-content\/uploads\/2013\/06\/ypiranga-galicia-diego-higino-1200x675.jpg 1200w, https:\/\/esc3d.com.br\/galicia\/wp-content\/uploads\/2013\/06\/ypiranga-galicia-diego-higino.jpg 1280w\" sizes=\"(max-width: 1024px) 100vw, 1024px\" \/><\/a><p id=\"caption-attachment-1273\" class=\"wp-caption-text\">Diego (sentado) comemorando o gol salvador contra o Ypiranga. Foto: Beto Boullosa<\/p><\/div>\n","protected":false},"excerpt":{"rendered":"<p>O atacante Diego Higino foi contratado pelo Al Karkh SC, clube da Premier League do Iraque, e deixa assim o Gal\u00edcia, onde estava disputando a Copa Governador do Estado.<\/p>\n","protected":false},"author":2,"featured_media":2089,"comment_status":"open","ping_status":"open","sticky":false,"template":"","format":"standard","meta":{"footnotes":""},"categories":[14],"tags":[64,385],"class_list":["post-2087","post","type-post","status-publish","format-standard","has-post-thumbnail","hentry","category-noticias","tag-al-karkh","tag-diego-higino"],"_links":{"self":[{"href":"https:\/\/esc3d.com.br\/galicia\/wp-json\/wp\/v2\/posts\/2087","targetHints":{"allow":["GET"]}}],"collection":[{"href":"https:\/\/esc3d.com.br\/galicia\/wp-json\/wp\/v2\/posts"}],"about":[{"href":"https:\/\/esc3d.com.br\/galicia\/wp-json\/wp\/v2\/types\/post"}],"author":[{"embeddable":true,"href":"https:\/\/esc3d.com.br\/galicia\/wp-json\/wp\/v2\/users\/2"}],"replies":[{"embeddable":true,"href":"https:\/\/esc3d.com.br\/galicia\/wp-json\/wp\/v2\/comments?post=2087"}],"version-history":[{"count":0,"href":"https:\/\/esc3d.com.br\/galicia\/wp-json\/wp\/v2\/posts\/2087\/revisions"}],"wp:featuredmedia":[{"embeddable":true,"href":"https:\/\/esc3d.com.br\/galicia\/wp-json\/wp\/v2\/media\/2089"}],"wp:attachment":[{"href":"https:\/\/esc3d.com.br\/galicia\/wp-json\/wp\/v2\/media?parent=2087"}],"wp:term":[{"taxonomy":"category","embeddable":true,"href":"https:\/\/esc3d.com.br\/galicia\/wp-json\/wp\/v2\/categories?post=2087"},{"taxonomy":"post_tag","embeddable":true,"href":"https:\/\/esc3d.com.br\/galicia\/wp-json\/wp\/v2\/tags?post=2087"}],"curies":[{"name":"wp","href":"https:\/\/api.w.org\/{rel}","templated":true}]}}