{"id":2095,"date":"2013-10-12T16:25:06","date_gmt":"2013-10-12T19:25:06","guid":{"rendered":"http:\/\/www.galiciaec.com.br\/?p=2095"},"modified":"2013-10-12T16:25:06","modified_gmt":"2013-10-12T19:25:06","slug":"bahia-x-galicia-esta-tarde","status":"publish","type":"post","link":"https:\/\/esc3d.com.br\/galicia\/bahia-x-galicia-esta-tarde\/","title":{"rendered":"Bahia x Gal\u00edcia esta tarde"},"content":{"rendered":"<p><a href=\"http:\/\/www.galiciaec.com.br\/wp-content\/uploads\/2013\/10\/20131012-bahia-galicia.jpg\"><img decoding=\"async\" class=\"alignnone  wp-image-2080\" alt=\"20131012-bahia-galicia\" src=\"http:\/\/www.galiciaec.com.br\/wp-content\/uploads\/2013\/10\/20131012-bahia-galicia-730x1024.jpg\" width=\"600\" \/><\/a><\/p>\n<p>Come\u00e7ar\u00e1 daqui a pouco, \u00e0s 17:30, em Pitua\u00e7u, mais uma edi\u00e7\u00e3o do Cl\u00e1ssico das Cores. Bahia e Gal\u00edcia ir\u00e3o enfrentar-se em uma partida oficial depois de seis anos. Ambos far\u00e3o o jogo principal de uma rodada dupla que ter\u00e1 como preliminar o jogo entre Vit\u00f3ria e Jacuipense.<\/p>\n<p>As quatro equipes fazem parte do grupo 1 da <a href=\"http:\/\/www.galiciaec.com.br\/competicoes\/copa-governador-2013\/\">Copa Governador do Estado 2013<\/a>, que tem o Vit\u00f3ria na lideran\u00e7a, com seis pontos, o Bahia em segundo lugar, com tr\u00eas pontos, e Gal\u00edcia e Jacuipense dividindo a terceira coloca\u00e7\u00e3o, com um ponto cada. Todos os times t\u00eam duas partidas.<\/p>\n<p>O Gal\u00edcia de Waguinho Dias perdeu esta semana um de seus principais jogadores, Diego Higino, que <a title=\"Diego Higino deixa o Gal\u00edcia\" href=\"http:\/\/www.galiciaec.com.br\/2013\/10\/10\/diego-higino-deixa-o-galicia\/\">partiu para o futebol iraquiano<\/a>. O time azulino ir\u00e1 a campo com a seguinte forma\u00e7\u00e3o: \u00a0Ruan, Rafael, Totinga, Luanderson e Ricardinho; Antonio Carlos, Cristiano, Brendo e Elenilson; Fernando Hulk e Erick. No banco, o comandante azulino ter\u00e1 \u00e0 disposi\u00e7\u00e3o os atletas Maxwel, Marcos Douglas, Lucas, Victor, Gl\u00e1ucio, Alex e V\u00e1lber.<\/p>\n<p>Uma vit\u00f3ria do Gal\u00edcia ser\u00e1 muito importante para deixar a equipe em uma coloca\u00e7\u00e3o confort\u00e1vel para encarar os jogos de volta, que come\u00e7ar\u00e3o na semana que vem.<\/p>\n<p>A arbitragem do encontro de hoje estar\u00e1 a cargo do sr. Ademilton Piedade Carig\u00e9, auxiliado por Jos\u00e9 Carlos Oliveira dos Santos e Jorge C\u00e9sar Santana Borges. O quarto \u00e1rbitro ser\u00e1 Roberto \u00c2ngelo Garcia da Silva.<\/p>\n<p>Boa sorte aos nossos atletas! Arriba, Gal\u00edcia!<\/p>\n","protected":false},"excerpt":{"rendered":"<p>Come\u00e7ar\u00e1 daqui a pouco, \u00e0s 17:30, em Pitua\u00e7u, mais uma  [&#8230;]<\/p>\n","protected":false},"author":2,"featured_media":2079,"comment_status":"open","ping_status":"open","sticky":false,"template":"","format":"standard","meta":{"footnotes":""},"categories":[14],"tags":[137,329],"class_list":["post-2095","post","type-post","status-publish","format-standard","has-post-thumbnail","hentry","category-noticias","tag-bahia","tag-copa-governador-do-estado"],"_links":{"self":[{"href":"https:\/\/esc3d.com.br\/galicia\/wp-json\/wp\/v2\/posts\/2095","targetHints":{"allow":["GET"]}}],"collection":[{"href":"https:\/\/esc3d.com.br\/galicia\/wp-json\/wp\/v2\/posts"}],"about":[{"href":"https:\/\/esc3d.com.br\/galicia\/wp-json\/wp\/v2\/types\/post"}],"author":[{"embeddable":true,"href":"https:\/\/esc3d.com.br\/galicia\/wp-json\/wp\/v2\/users\/2"}],"replies":[{"embeddable":true,"href":"https:\/\/esc3d.com.br\/galicia\/wp-json\/wp\/v2\/comments?post=2095"}],"version-history":[{"count":0,"href":"https:\/\/esc3d.com.br\/galicia\/wp-json\/wp\/v2\/posts\/2095\/revisions"}],"wp:featuredmedia":[{"embeddable":true,"href":"https:\/\/esc3d.com.br\/galicia\/wp-json\/wp\/v2\/media\/2079"}],"wp:attachment":[{"href":"https:\/\/esc3d.com.br\/galicia\/wp-json\/wp\/v2\/media?parent=2095"}],"wp:term":[{"taxonomy":"category","embeddable":true,"href":"https:\/\/esc3d.com.br\/galicia\/wp-json\/wp\/v2\/categories?post=2095"},{"taxonomy":"post_tag","embeddable":true,"href":"https:\/\/esc3d.com.br\/galicia\/wp-json\/wp\/v2\/tags?post=2095"}],"curies":[{"name":"wp","href":"https:\/\/api.w.org\/{rel}","templated":true}]}}