{"id":2105,"date":"2013-10-15T23:13:11","date_gmt":"2013-10-16T02:13:11","guid":{"rendered":"http:\/\/www.galiciaec.com.br\/?p=2105"},"modified":"2013-10-15T23:13:11","modified_gmt":"2013-10-16T02:13:11","slug":"galicia-na-zona-de-classificacao","status":"publish","type":"post","link":"https:\/\/esc3d.com.br\/galicia\/galicia-na-zona-de-classificacao\/","title":{"rendered":"Gal\u00edcia na zona de classifica\u00e7\u00e3o"},"content":{"rendered":"<div id=\"attachment_2107\" style=\"width: 610px\" class=\"wp-caption alignnone\"><a href=\"http:\/\/www.galiciaec.com.br\/wp-content\/uploads\/2013\/10\/galicia-onibus-treinamento-medium.jpg\"><img decoding=\"async\" aria-describedby=\"caption-attachment-2107\" class=\" wp-image-2107 \" alt=\"Jogadores do Gal\u00edcia a caminho da academia. Foto: Beto Boullosa\" src=\"http:\/\/www.galiciaec.com.br\/wp-content\/uploads\/2013\/10\/galicia-onibus-treinamento-medium.jpg\" width=\"600\" srcset=\"https:\/\/esc3d.com.br\/galicia\/wp-content\/uploads\/2013\/10\/galicia-onibus-treinamento-medium-200x175.jpg 200w, https:\/\/esc3d.com.br\/galicia\/wp-content\/uploads\/2013\/10\/galicia-onibus-treinamento-medium-300x263.jpg 300w, https:\/\/esc3d.com.br\/galicia\/wp-content\/uploads\/2013\/10\/galicia-onibus-treinamento-medium-400x350.jpg 400w, https:\/\/esc3d.com.br\/galicia\/wp-content\/uploads\/2013\/10\/galicia-onibus-treinamento-medium-600x525.jpg 600w, https:\/\/esc3d.com.br\/galicia\/wp-content\/uploads\/2013\/10\/galicia-onibus-treinamento-medium-768x672.jpg 768w, https:\/\/esc3d.com.br\/galicia\/wp-content\/uploads\/2013\/10\/galicia-onibus-treinamento-medium-800x700.jpg 800w, https:\/\/esc3d.com.br\/galicia\/wp-content\/uploads\/2013\/10\/galicia-onibus-treinamento-medium.jpg 900w\" sizes=\"(max-width: 900px) 100vw, 900px\" \/><\/a><p id=\"caption-attachment-2107\" class=\"wp-caption-text\">Jogadores do Gal\u00edcia a caminho da academia. Foto: Beto Boullosa<\/p><\/div>\n<p>O Gal\u00edcia est\u00e1 na zona de classifica\u00e7\u00e3o do Grupo 1 na Copa Governador do Estado 2013, depois de vencer o Bahia por 3 x 2 no \u00faltimo s\u00e1bado \u00e0 tarde, em partida disputada no est\u00e1dio de Pitua\u00e7u, com gols de Fernando Hulk, Erick e Brendon. Foi a primeira vit\u00f3ria do Azulino sobre o Tricolor em competi\u00e7\u00f5es profissionais desde 1996. Em 04\/02 daquele ano, o Gal\u00edcia havia batido o Bahia por 1 x 0, em jogo v\u00e1lido pelo Primeiro Turno do Campeonato Baiano.<\/p>\n<p>O t\u00e9cnico Waguinho Dias mostrou-se bastante satisfeito com a vit\u00f3ria de s\u00e1bado, pois, ao seu ver, o jogo foi dif\u00edcil e contra um advers\u00e1rio bem preparado. Para o treinador azulino, seu time est\u00e1 melhorando a cada encontro, mesmo com todas as dificuldades que vem encontrando. Al\u00e9m disso, na semana passada, o Gal\u00edcia perdeu um de seus principais jogadores, Diego Higino, que se transferiu para o futebol do Iraque.<\/p>\n<p>Com o resultado do outro jogo (Jacuipense 1 x 0 Vit\u00f3ria), o grupo est\u00e1 embolado: o Rubro-negro lidera com 6 pontos, seguido por Gal\u00edcia e Jacuipense, com quatro, e pelo Bahia, com tr\u00eas. O Gal\u00edcia leva vantagem sobre o Jacuipense no n\u00famero de gols marcados, j\u00e1 que ambos empatam no saldo de gols.<\/p>\n<p>A pr\u00f3xima rodada ter\u00e1 um jogo nesta quinta-feira, Vit\u00f3ria x Jacuipense, no Barrad\u00e3o, \u00e0s 18:30, e outro no s\u00e1bado, quando o Gal\u00edcia enfrentar\u00e1 o Bahia em Pitua\u00e7u, \u00e0s 16:00. A partida entre Gal\u00edcia e Bahia estava marcada originalmente para esta quarta.<\/p>\n<h3>Reapresenta\u00e7\u00e3o<\/h3>\n<p>O Gal\u00edcia reapresentou-se na tarde desta segunda-feira no Parque Santiago. Os jogadores dirigiram-se em seguida para realizar um trabalho f\u00edsico em uma academia pr\u00f3xima ao est\u00e1dio galiciano, sob o comando do preparador Agenor Junqueira.\u00a0Seguindo a programa\u00e7\u00e3o, trabalho em dois turnos na ter\u00e7a e quarta-feira.<\/p>\n","protected":false},"excerpt":{"rendered":"<p> O Gal\u00edcia est\u00e1 na zona de classifica\u00e7\u00e3o do Grupo 1 na Copa Governador do Estado 2013, depois de vencer o Bahia por 3 x 2 no \u00faltimo s\u00e1bado \u00e0 tarde, em partida disputada no est\u00e1dio de Pitua\u00e7u, com gols de Fernando Hulk, Erick e Brendon. Foi a primeira vit\u00f3ria do Azulino sobre o Tricolor em competi\u00e7\u00f5es profissionais desde 1996. Em 04\/02 daquele ano, o Gal\u00edcia havia batido o Bahia por 1 x 0, em jogo v\u00e1lido pelo Primeiro Turno do Campeonato Baiano.<\/p>\n","protected":false},"author":2,"featured_media":2108,"comment_status":"open","ping_status":"open","sticky":false,"template":"","format":"standard","meta":{"footnotes":""},"categories":[14],"tags":[137,327,329],"class_list":["post-2105","post","type-post","status-publish","format-standard","has-post-thumbnail","hentry","category-noticias","tag-bahia","tag-copa-governador-2013","tag-copa-governador-do-estado"],"_links":{"self":[{"href":"https:\/\/esc3d.com.br\/galicia\/wp-json\/wp\/v2\/posts\/2105","targetHints":{"allow":["GET"]}}],"collection":[{"href":"https:\/\/esc3d.com.br\/galicia\/wp-json\/wp\/v2\/posts"}],"about":[{"href":"https:\/\/esc3d.com.br\/galicia\/wp-json\/wp\/v2\/types\/post"}],"author":[{"embeddable":true,"href":"https:\/\/esc3d.com.br\/galicia\/wp-json\/wp\/v2\/users\/2"}],"replies":[{"embeddable":true,"href":"https:\/\/esc3d.com.br\/galicia\/wp-json\/wp\/v2\/comments?post=2105"}],"version-history":[{"count":0,"href":"https:\/\/esc3d.com.br\/galicia\/wp-json\/wp\/v2\/posts\/2105\/revisions"}],"wp:featuredmedia":[{"embeddable":true,"href":"https:\/\/esc3d.com.br\/galicia\/wp-json\/wp\/v2\/media\/2108"}],"wp:attachment":[{"href":"https:\/\/esc3d.com.br\/galicia\/wp-json\/wp\/v2\/media?parent=2105"}],"wp:term":[{"taxonomy":"category","embeddable":true,"href":"https:\/\/esc3d.com.br\/galicia\/wp-json\/wp\/v2\/categories?post=2105"},{"taxonomy":"post_tag","embeddable":true,"href":"https:\/\/esc3d.com.br\/galicia\/wp-json\/wp\/v2\/tags?post=2105"}],"curies":[{"name":"wp","href":"https:\/\/api.w.org\/{rel}","templated":true}]}}