{"id":2140,"date":"2013-10-24T23:15:34","date_gmt":"2013-10-25T02:15:34","guid":{"rendered":"http:\/\/www.galiciaec.com.br\/?p=2140"},"modified":"2013-10-24T23:15:34","modified_gmt":"2013-10-25T02:15:34","slug":"waguinho-otimista-e-esperancoso","status":"publish","type":"post","link":"https:\/\/esc3d.com.br\/galicia\/waguinho-otimista-e-esperancoso\/","title":{"rendered":"Waguinho: &#8220;otimista e esperan\u00e7oso&#8221;"},"content":{"rendered":"<div id=\"attachment_2023\" style=\"width: 610px\" class=\"wp-caption alignnone\"><a href=\"http:\/\/www.galiciaec.com.br\/wp-content\/uploads\/2013\/10\/waguinho-dias-galicia.jpg\"><img decoding=\"async\" aria-describedby=\"caption-attachment-2023\" class=\" wp-image-2023\" alt=\"waguinho-dias-galicia\" src=\"http:\/\/www.galiciaec.com.br\/wp-content\/uploads\/2013\/10\/waguinho-dias-galicia-1024x682.jpg\" width=\"600\" \/><\/a><p id=\"caption-attachment-2023\" class=\"wp-caption-text\">Waguinho Dias no Parque Santiago. Foto: Beto Boullosa<\/p><\/div>\n<p>O t\u00e9cnico galiciano, Waguinho Dias, n\u00e3o se abateu com a <a title=\"Gal\u00edcia precisa vencer ou vencer\" href=\"http:\/\/www.galiciaec.com.br\/2013\/10\/22\/galicia-precisa-vencer-ou-vencer\/\">derrota sofrida ante o Bahia<\/a> no \u00faltimo s\u00e1bado em Pitua\u00e7u, e est\u00e1 &#8220;otimista e esperan\u00e7oso&#8221; para o pr\u00f3ximo jogo contra o Jacuipense, neste s\u00e1bado, no mesmo local. O treinador, do alto de sua experi\u00eancia, acredita que o resultado n\u00e3o refletiu o que foi o jogo, pois o Gal\u00edcia jogou t\u00e3o bem ou melhor que o advers\u00e1rio, opini\u00e3o que, de fato, foi corroborada por diversas pessoas que viram a partida.<\/p>\n<p>Em depoimento ao site oficial, Waguinho louvou a &#8220;hombridade dos atletas , o seu poder de rea\u00e7\u00e3o, de querer vencer e acertar&#8221;. O t\u00e9cnico paulista revela-se, neste aspecto, &#8220;contente&#8221;, pois, segundo ele, estes s\u00e3o homens que, apesar das dificuldades e limita\u00e7\u00f5es\u00a0que o clube enfrenta,&#8221;est\u00e3o honrando a camisa do Gal\u00edcia&#8221;.<\/p>\n<p>O t\u00e9cnico avalia que, mesmo tendo come\u00e7ado de maneira tardia os seus preparativos para a competi\u00e7\u00e3o, o Gal\u00edcia vem conseguindo enfrentar de igual para igual os advers\u00e1rios do seu grupo. E lembra que, apesar do \u00faltimo resultado adverso, o Granadeiro ainda depende somente de si para chegar \u00e0s semifinais da Copa Governador do Estado 2013. Portanto, dever\u00e1 entrar em cada uma das duas partidas que restam nesta fase pensando somente em ganhar.<\/p>\n<p>O advers\u00e1rio de s\u00e1bado ser\u00e1 o Jacuipense, com quem o Azulino empatou no jogo de ida em 2 x 2, depois de estar por duas vezes na frente do marcador. O time de Riach\u00e3o do Jacu\u00edpe lidera o grupo 1 com sete pontos, mas apenas a tr\u00eas do Gal\u00edcia, que pode, portanto, alcan\u00e7\u00e1-lo na pontua\u00e7\u00e3o caso saia vitorioso de Pituazul.<\/p>\n<h3>Treinamento<\/h3>\n<p>O Gal\u00edcia treinou durante toda a semana focado na partida de s\u00e1bado. \u00a0Segundo Agenor Junqueira, preparador f\u00edsico granadeiro, as sess\u00f5es de treinamento da semana foram bastante proveitosas.<\/p>\n<p>Nesta quinta-feira, os atletas treinaram pela manh\u00e3 no Parque Santiago, folgando \u00e0 tarde.\u00a0Na sexta-feira, retornar\u00e3o ao Parque para a \u00faltima sess\u00e3o de treinamento, pela manh\u00e3. \u00a0Na pauta de trabalhos, treino t\u00e1tico, de posicionamento e de bola parada.<\/p>\n<h3>D\u00favidas para a partida<\/h3>\n<p>A defini\u00e7\u00e3o do elenco para o jogo de s\u00e1bado ser\u00e1 feita somente na sexta-feira, pois o escrete azulino est\u00e1 sofrendo com alguns problemas musculares. As maiores d\u00favidas recaem sobre Diego Higino e Totinga. Este \u00faltimo sofreu uma contus\u00e3o no in\u00edcio da partida contra o Bahia, que, inicialmente, imaginou-se ser bastante grave. Por\u00e9m, exames posteriores mostraram que a les\u00e3o n\u00e3o era t\u00e3o grave. O jogador ser\u00e1 avaliado amanh\u00e3, e, dependendo do resultado, ser\u00e1 declarado apto ou n\u00e3o para o importante encontro de s\u00e1bado.<\/p>\n","protected":false},"excerpt":{"rendered":"<p>O t\u00e9cnico galiciano, Waguinho Dias, n\u00e3o se abateu com a derrota sofrida ante o Bahia no \u00faltimo s\u00e1bado em Pitua\u00e7u, e est\u00e1 &#8220;otimista e esperan\u00e7oso&#8221; para o pr\u00f3ximo jogo contra o Jacuipense, neste s\u00e1bado, no mesmo local. O treinador, do alto de sua experi\u00eancia, acredita que o resultado n\u00e3o refletiu o que foi o jogo, pois o Gal\u00edcia jogou t\u00e3o bem ou melhor que o advers\u00e1rio, opini\u00e3o que, de fato, foi corroborada por diversas pessoas que viram a partida.<\/p>\n","protected":false},"author":2,"featured_media":2023,"comment_status":"open","ping_status":"open","sticky":false,"template":"","format":"standard","meta":{"footnotes":""},"categories":[14],"tags":[62,327,385,655,1124,1183],"class_list":["post-2140","post","type-post","status-publish","format-standard","has-post-thumbnail","hentry","category-noticias","tag-agenor-junqueira","tag-copa-governador-2013","tag-diego-higino","tag-jacuipense","tag-totinga","tag-waguinho-dias"],"_links":{"self":[{"href":"https:\/\/esc3d.com.br\/galicia\/wp-json\/wp\/v2\/posts\/2140","targetHints":{"allow":["GET"]}}],"collection":[{"href":"https:\/\/esc3d.com.br\/galicia\/wp-json\/wp\/v2\/posts"}],"about":[{"href":"https:\/\/esc3d.com.br\/galicia\/wp-json\/wp\/v2\/types\/post"}],"author":[{"embeddable":true,"href":"https:\/\/esc3d.com.br\/galicia\/wp-json\/wp\/v2\/users\/2"}],"replies":[{"embeddable":true,"href":"https:\/\/esc3d.com.br\/galicia\/wp-json\/wp\/v2\/comments?post=2140"}],"version-history":[{"count":0,"href":"https:\/\/esc3d.com.br\/galicia\/wp-json\/wp\/v2\/posts\/2140\/revisions"}],"wp:featuredmedia":[{"embeddable":true,"href":"https:\/\/esc3d.com.br\/galicia\/wp-json\/wp\/v2\/media\/2023"}],"wp:attachment":[{"href":"https:\/\/esc3d.com.br\/galicia\/wp-json\/wp\/v2\/media?parent=2140"}],"wp:term":[{"taxonomy":"category","embeddable":true,"href":"https:\/\/esc3d.com.br\/galicia\/wp-json\/wp\/v2\/categories?post=2140"},{"taxonomy":"post_tag","embeddable":true,"href":"https:\/\/esc3d.com.br\/galicia\/wp-json\/wp\/v2\/tags?post=2140"}],"curies":[{"name":"wp","href":"https:\/\/api.w.org\/{rel}","templated":true}]}}