{"id":266,"date":"2013-04-19T05:13:08","date_gmt":"2013-04-19T05:13:08","guid":{"rendered":"http:\/\/galiciaec-com-br.bloggerpolis.com\/?p=266"},"modified":"2013-04-19T05:13:08","modified_gmt":"2013-04-19T05:13:08","slug":"embarque-no-onibus-do-galicia-para-a-estreia-de-2013","status":"publish","type":"post","link":"https:\/\/esc3d.com.br\/galicia\/embarque-no-onibus-do-galicia-para-a-estreia-de-2013\/","title":{"rendered":"Embarque no \u00f4nibus do Gal\u00edcia para a estr\u00e9ia de 2013!"},"content":{"rendered":"<p>A\u00a0<a title=\"ATAG\" href=\"http:\/\/www.granadeiros.com\/atag\">ATAG<\/a>\u00a0(Associa\u00e7\u00e3o Torcedores e Amigos do Gal\u00edcia) est\u00e1 organizando um \u00f4nibus para os torcedores que desejem ir a Alagoinhas, no dia 28\/4 (domingo), prestigiar a estr\u00e9ia do Gal\u00edcia na Segunda Divis\u00e3o do Campeonato Baiano 2013 contra a Catuense.<\/p>\n<p>O \u00f4nibus sair\u00e1 do Parque Santiago \u00e0s 12:00 do domingo, retornando imediatamente depois da partida, que ser\u00e1 realizada \u00e0s 16:00. O custo da viagem ser\u00e1 de R$ 30,00 por pessoa (ingresso n\u00e3o inclu\u00eddo).<\/p>\n<p>Envie um email para\u00a0<a href=\"mailto:contato@galiciaec.com.br\">contato@galiciaec.com.br<\/a>\u00a0informando seu nome completo e telefone, e repassaremos sua mensagem \u00e0 ATAG, para que entrem em contato com voc\u00ea confirmando a reserva.<\/p>\n<p>N\u00e3o perca tempo, pois o n\u00famero de vagas \u00e9 limitado! Participe da campanha de retorno do nosso Azulino \u00e0 elite!<\/p>\n<div id=\"attachment_267\" style=\"width: 610px\" class=\"wp-caption alignnone\"><a href=\"\/wp-content\/uploads\/2013\/04\/onibus_galicia.jpg\"><img decoding=\"async\" aria-describedby=\"caption-attachment-267\" class=\" wp-image-267 \" alt=\"Arte: Granadeiros Azulinos\" src=\"\/wp-content\/uploads\/2013\/04\/onibus_galicia.jpg\" width=\"600\" srcset=\"https:\/\/esc3d.com.br\/galicia\/wp-content\/uploads\/2013\/04\/onibus_galicia-200x66.jpg 200w, https:\/\/esc3d.com.br\/galicia\/wp-content\/uploads\/2013\/04\/onibus_galicia-300x100.jpg 300w, https:\/\/esc3d.com.br\/galicia\/wp-content\/uploads\/2013\/04\/onibus_galicia-400x133.jpg 400w, https:\/\/esc3d.com.br\/galicia\/wp-content\/uploads\/2013\/04\/onibus_galicia-600x199.jpg 600w, https:\/\/esc3d.com.br\/galicia\/wp-content\/uploads\/2013\/04\/onibus_galicia-768x255.jpg 768w, https:\/\/esc3d.com.br\/galicia\/wp-content\/uploads\/2013\/04\/onibus_galicia-800x266.jpg 800w, https:\/\/esc3d.com.br\/galicia\/wp-content\/uploads\/2013\/04\/onibus_galicia.jpg 822w\" sizes=\"(max-width: 822px) 100vw, 822px\" \/><\/a><p id=\"caption-attachment-267\" class=\"wp-caption-text\">Arte: <a href=\"http:\/\/www.granadeiros.com\">Granadeiros Azulinos<\/a><\/p><\/div>\n","protected":false},"excerpt":{"rendered":"<p>Reserve seu lugar no \u00f4nibus da ATAG para a estr\u00e9ia do Gal\u00edcia contra a Catuense, em Alagoinhas dia 28\/4.<\/p>\n","protected":false},"author":2,"featured_media":267,"comment_status":"open","ping_status":"open","sticky":false,"template":"","format":"standard","meta":{"footnotes":""},"categories":[14],"tags":[122,822,1015],"class_list":["post-266","post","type-post","status-publish","format-standard","has-post-thumbnail","hentry","category-noticias","tag-atag","tag-onibus","tag-segunda-divisao-2013"],"_links":{"self":[{"href":"https:\/\/esc3d.com.br\/galicia\/wp-json\/wp\/v2\/posts\/266","targetHints":{"allow":["GET"]}}],"collection":[{"href":"https:\/\/esc3d.com.br\/galicia\/wp-json\/wp\/v2\/posts"}],"about":[{"href":"https:\/\/esc3d.com.br\/galicia\/wp-json\/wp\/v2\/types\/post"}],"author":[{"embeddable":true,"href":"https:\/\/esc3d.com.br\/galicia\/wp-json\/wp\/v2\/users\/2"}],"replies":[{"embeddable":true,"href":"https:\/\/esc3d.com.br\/galicia\/wp-json\/wp\/v2\/comments?post=266"}],"version-history":[{"count":0,"href":"https:\/\/esc3d.com.br\/galicia\/wp-json\/wp\/v2\/posts\/266\/revisions"}],"wp:featuredmedia":[{"embeddable":true,"href":"https:\/\/esc3d.com.br\/galicia\/wp-json\/wp\/v2\/media\/267"}],"wp:attachment":[{"href":"https:\/\/esc3d.com.br\/galicia\/wp-json\/wp\/v2\/media?parent=266"}],"wp:term":[{"taxonomy":"category","embeddable":true,"href":"https:\/\/esc3d.com.br\/galicia\/wp-json\/wp\/v2\/categories?post=266"},{"taxonomy":"post_tag","embeddable":true,"href":"https:\/\/esc3d.com.br\/galicia\/wp-json\/wp\/v2\/tags?post=266"}],"curies":[{"name":"wp","href":"https:\/\/api.w.org\/{rel}","templated":true}]}}