{"id":36268,"date":"2013-03-12T04:34:10","date_gmt":"2013-03-12T04:34:10","guid":{"rendered":"http:\/\/galiciaec-com-br.bloggerpolis.com\/?p=10"},"modified":"2013-03-12T04:34:10","modified_gmt":"2013-03-12T04:34:10","slug":"qual-o-melhor-uniforme-pro-galicia-em-2013","status":"publish","type":"post","link":"https:\/\/esc3d.com.br\/galicia\/qual-o-melhor-uniforme-pro-galicia-em-2013\/","title":{"rendered":"Qual o melhor uniforme pro Gal\u00edcia em 2013?"},"content":{"rendered":"<p>O Gal\u00edcia est\u00e1 estudando qual ser\u00e1 o padr\u00e3o do uniforme a ser adotado em 2013. Participe dessa decis\u00e3o votando na enquete que estamos organizando no Facebook.<a href=\"https:\/\/www.facebook.com\/photo.php?fbid=627066663975047&amp;set=a.535075723174142.136479.525349704146744&amp;type=1&amp;theater&amp;notif_t=photo_comment\"> Clique aqui <\/a>para votar.<\/p>\n<p><a href=\"\/wp-content\/uploads\/2013\/04\/votacao-camisas.jpg\"><img decoding=\"async\" class=\"alignnone  wp-image-11\" alt=\"votacao-camisas\" src=\"\/wp-content\/uploads\/2013\/04\/votacao-camisas-1024x512.jpg\" width=\"600\" srcset=\"https:\/\/esc3d.com.br\/galicia\/wp-content\/uploads\/2013\/04\/votacao-camisas-200x100.jpg 200w, https:\/\/esc3d.com.br\/galicia\/wp-content\/uploads\/2013\/04\/votacao-camisas-300x150.jpg 300w, https:\/\/esc3d.com.br\/galicia\/wp-content\/uploads\/2013\/04\/votacao-camisas-400x200.jpg 400w, https:\/\/esc3d.com.br\/galicia\/wp-content\/uploads\/2013\/04\/votacao-camisas-600x300.jpg 600w, https:\/\/esc3d.com.br\/galicia\/wp-content\/uploads\/2013\/04\/votacao-camisas-768x384.jpg 768w, https:\/\/esc3d.com.br\/galicia\/wp-content\/uploads\/2013\/04\/votacao-camisas-800x400.jpg 800w, https:\/\/esc3d.com.br\/galicia\/wp-content\/uploads\/2013\/04\/votacao-camisas-1024x512.jpg 1024w, https:\/\/esc3d.com.br\/galicia\/wp-content\/uploads\/2013\/04\/votacao-camisas.jpg 1200w\" sizes=\"(max-width: 1024px) 100vw, 1024px\" \/><\/a><\/p>\n","protected":false},"excerpt":{"rendered":"<p>O Gal\u00edcia est\u00e1 estudando qual ser\u00e1 o padr\u00e3o do uniforme  [&#8230;]<\/p>\n","protected":false},"author":2,"featured_media":11,"comment_status":"open","ping_status":"open","sticky":false,"template":"","format":"standard","meta":{"footnotes":""},"categories":[14],"tags":[1015,1154],"class_list":["post-36268","post","type-post","status-publish","format-standard","has-post-thumbnail","hentry","category-noticias","tag-segunda-divisao-2013","tag-uniforme"],"_links":{"self":[{"href":"https:\/\/esc3d.com.br\/galicia\/wp-json\/wp\/v2\/posts\/36268","targetHints":{"allow":["GET"]}}],"collection":[{"href":"https:\/\/esc3d.com.br\/galicia\/wp-json\/wp\/v2\/posts"}],"about":[{"href":"https:\/\/esc3d.com.br\/galicia\/wp-json\/wp\/v2\/types\/post"}],"author":[{"embeddable":true,"href":"https:\/\/esc3d.com.br\/galicia\/wp-json\/wp\/v2\/users\/2"}],"replies":[{"embeddable":true,"href":"https:\/\/esc3d.com.br\/galicia\/wp-json\/wp\/v2\/comments?post=36268"}],"version-history":[{"count":0,"href":"https:\/\/esc3d.com.br\/galicia\/wp-json\/wp\/v2\/posts\/36268\/revisions"}],"wp:featuredmedia":[{"embeddable":true,"href":"https:\/\/esc3d.com.br\/galicia\/wp-json\/wp\/v2\/media\/11"}],"wp:attachment":[{"href":"https:\/\/esc3d.com.br\/galicia\/wp-json\/wp\/v2\/media?parent=36268"}],"wp:term":[{"taxonomy":"category","embeddable":true,"href":"https:\/\/esc3d.com.br\/galicia\/wp-json\/wp\/v2\/categories?post=36268"},{"taxonomy":"post_tag","embeddable":true,"href":"https:\/\/esc3d.com.br\/galicia\/wp-json\/wp\/v2\/tags?post=36268"}],"curies":[{"name":"wp","href":"https:\/\/api.w.org\/{rel}","templated":true}]}}