{"id":421,"date":"2013-04-27T04:35:43","date_gmt":"2013-04-27T04:35:43","guid":{"rendered":"http:\/\/galiciaec-com-br.bloggerpolis.com\/?p=421"},"modified":"2013-04-27T04:35:43","modified_gmt":"2013-04-27T04:35:43","slug":"departamento-medico-do-galicia-fecha-parcerias","status":"publish","type":"post","link":"https:\/\/esc3d.com.br\/galicia\/departamento-medico-do-galicia-fecha-parcerias\/","title":{"rendered":"Departamento M\u00e9dico do Gal\u00edcia fecha parcerias"},"content":{"rendered":"<p style=\"text-align: left;\">O Vice-presidente M\u00e9dico do Azulino, Dr. Fernando Barreiro, juntamente com o seu Diretor M\u00e9dico, Dr. Daniel Garcia, est\u00e3o trabalhando com seriedade e profissionalismo para estruturar o departamento m\u00e9dico do clube, buscar parceiros, fazer as fichas e seguimento m\u00e9dico e odontol\u00f3gico dos jogadores (no caso do odontol\u00f3gico, com a colabora\u00e7\u00e3o do Dr. Marcos Rivas, Vice-presidente de Rela\u00e7\u00f5es Institucionais) e assegurar que os atletas granadeiros recebam a melhor aten\u00e7\u00e3o m\u00e9dica poss\u00edvel.<\/p>\n<p style=\"text-align: center;\"><img decoding=\"async\" class=\"wp-image-422 aligncenter\" alt=\"Cl\u00ednica Curativos\" src=\"\/wp-content\/uploads\/2013\/04\/logo-curativos-1024x735.jpg\" width=\"300\" \/><\/p>\n<p>Nesse sentido, o Departamento M\u00e9dico fechou parceria com a <a title=\"Cl\u00ednica Curativo\" href=\"http:\/\/www.facebook.com\/curativos\">cl\u00ednica Curativos<\/a>, que disponibilizar\u00e1 gratuitamente a ambul\u00e2ncia UTI com motorista nos jogos em que o clube for mandante. A ambul\u00e2ncia \u00e9 um \u00edtem obrigat\u00f3rio no est\u00e1dio, e \u00e9 responsabilidade da equipe dona da casa providenci\u00e1-la.<\/p>\n<p>Foi fechado tamb\u00e9m um acordo de colabora\u00e7\u00e3o com a <a href=\"https:\/\/www.facebook.com\/clinicalongevitat\">cl\u00ednica Longevitat<\/a>, especializada em fisiologia, e que realiza um trabalho cient\u00edfico, equilibrado e direcionado ao indiv\u00edduo. Uma equipe da cl\u00ednica tem estado presente de forma regular nos treinamentos, acompanhando os jogadores e realizando an\u00e1lise quantitativa computadorizada. Esse trabalho pesonalizado sobre cada jogador \u00e9 realizado em parceria com o preparador f\u00edsico do clube Azulino, Ricardo Bispo, ajudando a prevenir les\u00f5es e atingir o m\u00e1ximo da performance do atleta. A cl\u00ednica Longevitat \u00e9 propriedade de Clarcson Pl\u00e1cido, professor universit\u00e1rio e antigo preparador f\u00edsico do Vit\u00f3ria.<\/p>\n<p><img decoding=\"async\" class=\"size-full wp-image-423 aligncenter\" alt=\"CICV\" src=\"\/wp-content\/uploads\/2013\/04\/clinica-cicv.png\" width=\"277\" height=\"110\" srcset=\"https:\/\/esc3d.com.br\/galicia\/wp-content\/uploads\/2013\/04\/clinica-cicv-200x79.png 200w, https:\/\/esc3d.com.br\/galicia\/wp-content\/uploads\/2013\/04\/clinica-cicv.png 277w\" sizes=\"(max-width: 277px) 100vw, 277px\" \/><\/p>\n<p>Outra parceria foi estabelecida com a cl\u00ednica de fisioterapia <a href=\"http:\/\/www.clinicacicv.com.br\/\">CICV<\/a> &#8211; Centro Integrado da Coluna Vertebral, especializada no tratamento de les\u00f5es relacionadas \u00e0 pr\u00e1tica do futebol.<\/p>\n<p>Como visto, o Departamento M\u00e9dico est\u00e1 no caminho certo, parab\u00e9ns a nossos facultativos!<\/p>\n<div id=\"attachment_424\" style=\"width: 610px\" class=\"wp-caption alignnone\"><img decoding=\"async\" aria-describedby=\"caption-attachment-424\" class=\" wp-image-424 \" alt=\"Dr. Daniel Garcia e Dr. Fernando Barreiro, do Departamento M\u00e9dico do Gal\u00edcia\" src=\"\/wp-content\/uploads\/2013\/04\/departamento-medico-galicia.jpg\" width=\"600\" srcset=\"https:\/\/esc3d.com.br\/galicia\/wp-content\/uploads\/2013\/04\/departamento-medico-galicia-200x150.jpg 200w, https:\/\/esc3d.com.br\/galicia\/wp-content\/uploads\/2013\/04\/departamento-medico-galicia-300x225.jpg 300w, https:\/\/esc3d.com.br\/galicia\/wp-content\/uploads\/2013\/04\/departamento-medico-galicia-400x300.jpg 400w, https:\/\/esc3d.com.br\/galicia\/wp-content\/uploads\/2013\/04\/departamento-medico-galicia-600x450.jpg 600w, https:\/\/esc3d.com.br\/galicia\/wp-content\/uploads\/2013\/04\/departamento-medico-galicia-768x576.jpg 768w, https:\/\/esc3d.com.br\/galicia\/wp-content\/uploads\/2013\/04\/departamento-medico-galicia.jpg 800w\" sizes=\"(max-width: 800px) 100vw, 800px\" \/><p id=\"caption-attachment-424\" class=\"wp-caption-text\">Dr. Daniel Garcia e Dr. Fernando Barreiro, do Departamento M\u00e9dico do Gal\u00edcia<\/p><\/div>\n","protected":false},"excerpt":{"rendered":"<p>Departamento M\u00e9dico do Gal\u00edcia fechando parcerias<\/p>\n","protected":false},"author":2,"featured_media":424,"comment_status":"open","ping_status":"open","sticky":false,"template":"","format":"standard","meta":{"footnotes":""},"categories":[14],"tags":[260,353,356,375,498,725],"class_list":["post-421","post","type-post","status-publish","format-standard","has-post-thumbnail","hentry","category-noticias","tag-cicv","tag-curativos","tag-daniel-garcia","tag-dept-medico","tag-fernando-barreiro","tag-longevitat"],"_links":{"self":[{"href":"https:\/\/esc3d.com.br\/galicia\/wp-json\/wp\/v2\/posts\/421","targetHints":{"allow":["GET"]}}],"collection":[{"href":"https:\/\/esc3d.com.br\/galicia\/wp-json\/wp\/v2\/posts"}],"about":[{"href":"https:\/\/esc3d.com.br\/galicia\/wp-json\/wp\/v2\/types\/post"}],"author":[{"embeddable":true,"href":"https:\/\/esc3d.com.br\/galicia\/wp-json\/wp\/v2\/users\/2"}],"replies":[{"embeddable":true,"href":"https:\/\/esc3d.com.br\/galicia\/wp-json\/wp\/v2\/comments?post=421"}],"version-history":[{"count":0,"href":"https:\/\/esc3d.com.br\/galicia\/wp-json\/wp\/v2\/posts\/421\/revisions"}],"wp:featuredmedia":[{"embeddable":true,"href":"https:\/\/esc3d.com.br\/galicia\/wp-json\/wp\/v2\/media\/424"}],"wp:attachment":[{"href":"https:\/\/esc3d.com.br\/galicia\/wp-json\/wp\/v2\/media?parent=421"}],"wp:term":[{"taxonomy":"category","embeddable":true,"href":"https:\/\/esc3d.com.br\/galicia\/wp-json\/wp\/v2\/categories?post=421"},{"taxonomy":"post_tag","embeddable":true,"href":"https:\/\/esc3d.com.br\/galicia\/wp-json\/wp\/v2\/tags?post=421"}],"curies":[{"name":"wp","href":"https:\/\/api.w.org\/{rel}","templated":true}]}}