{"id":439,"date":"2013-04-27T03:18:29","date_gmt":"2013-04-27T03:18:29","guid":{"rendered":"http:\/\/galiciaec-com-br.bloggerpolis.com\/?p=439"},"modified":"2013-04-27T03:18:29","modified_gmt":"2013-04-27T03:18:29","slug":"galicia-divulga-mais-contratacoes","status":"publish","type":"post","link":"https:\/\/esc3d.com.br\/galicia\/galicia-divulga-mais-contratacoes\/","title":{"rendered":"Gal\u00edcia divulga mais contrata\u00e7\u00f5es"},"content":{"rendered":"<p>Mais jogadores regularizados para o Gal\u00edcia 2013. Confira-os abaixo.<\/p>\n<div id=\"attachment_361\" style=\"width: 410px\" class=\"wp-caption aligncenter\"><a href=\"\/wp-content\/uploads\/2013\/04\/elenilson.jpg\"><img decoding=\"async\" aria-describedby=\"caption-attachment-361\" class=\"wp-image-361 \" alt=\"Elenilson\" src=\"\/wp-content\/uploads\/2013\/04\/elenilson.jpg\" width=\"400\" height=\"400\" srcset=\"https:\/\/esc3d.com.br\/galicia\/wp-content\/uploads\/2013\/04\/elenilson-66x66.jpg 66w, https:\/\/esc3d.com.br\/galicia\/wp-content\/uploads\/2013\/04\/elenilson-150x150.jpg 150w, https:\/\/esc3d.com.br\/galicia\/wp-content\/uploads\/2013\/04\/elenilson-200x200.jpg 200w, https:\/\/esc3d.com.br\/galicia\/wp-content\/uploads\/2013\/04\/elenilson-300x300.jpg 300w, https:\/\/esc3d.com.br\/galicia\/wp-content\/uploads\/2013\/04\/elenilson-400x400.jpg 400w, https:\/\/esc3d.com.br\/galicia\/wp-content\/uploads\/2013\/04\/elenilson.jpg 600w\" sizes=\"(max-width: 767px) 100vw, 400px\" \/><\/a><p id=\"caption-attachment-361\" class=\"wp-caption-text\">Elenison. Foto: Beto Boullosa\u00a0<\/p><\/div>\n<p>Elenilson Ferreira Garcia (13\/03\/1992) \u00e9 meia. Esse paraense de Concei\u00e7\u00e3o do Araguaia tem 1,67 m e jogou no Vit\u00f3ria (juniores), Rio Preto-SP, Fluminense de Feira e Olimpia-SP.<\/p>\n<div id=\"attachment_359\" style=\"width: 410px\" class=\"wp-caption aligncenter\"><a href=\"\/wp-content\/uploads\/2013\/04\/maurinho.jpg\"><img decoding=\"async\" aria-describedby=\"caption-attachment-359\" class=\" wp-image-359 \" alt=\"Maurinho. Foto: Beto Boullosa\" src=\"\/wp-content\/uploads\/2013\/04\/maurinho.jpg\" width=\"400\" srcset=\"https:\/\/esc3d.com.br\/galicia\/wp-content\/uploads\/2013\/04\/maurinho-66x66.jpg 66w, https:\/\/esc3d.com.br\/galicia\/wp-content\/uploads\/2013\/04\/maurinho-150x150.jpg 150w, https:\/\/esc3d.com.br\/galicia\/wp-content\/uploads\/2013\/04\/maurinho-200x200.jpg 200w, https:\/\/esc3d.com.br\/galicia\/wp-content\/uploads\/2013\/04\/maurinho-300x300.jpg 300w, https:\/\/esc3d.com.br\/galicia\/wp-content\/uploads\/2013\/04\/maurinho-400x400.jpg 400w, https:\/\/esc3d.com.br\/galicia\/wp-content\/uploads\/2013\/04\/maurinho.jpg 600w\" sizes=\"(max-width: 767px) 100vw, 600px\" \/><\/a><p id=\"caption-attachment-359\" class=\"wp-caption-text\">Maurinho. Foto: Beto Boullosa<\/p><\/div>\n<p>Maurinho (Mauro de Oliveira Navarro, 29\/07\/1991) \u00e9 meia. Atuou no Pedra Branca-RS, Misto-MS e Ch\u00e3 Grande-PE.<\/p>\n<div id=\"attachment_364\" style=\"width: 410px\" class=\"wp-caption aligncenter\"><a href=\"\/wp-content\/uploads\/2013\/04\/mario.jpg\"><img decoding=\"async\" aria-describedby=\"caption-attachment-364\" class=\" wp-image-364 \" alt=\"M\u00e1rio Catarino. Foto: Beto Boullosa\" src=\"\/wp-content\/uploads\/2013\/04\/mario.jpg\" width=\"400\" srcset=\"https:\/\/esc3d.com.br\/galicia\/wp-content\/uploads\/2013\/04\/mario-66x66.jpg 66w, https:\/\/esc3d.com.br\/galicia\/wp-content\/uploads\/2013\/04\/mario-150x150.jpg 150w, https:\/\/esc3d.com.br\/galicia\/wp-content\/uploads\/2013\/04\/mario-200x200.jpg 200w, https:\/\/esc3d.com.br\/galicia\/wp-content\/uploads\/2013\/04\/mario-300x300.jpg 300w, https:\/\/esc3d.com.br\/galicia\/wp-content\/uploads\/2013\/04\/mario-400x400.jpg 400w, https:\/\/esc3d.com.br\/galicia\/wp-content\/uploads\/2013\/04\/mario.jpg 600w\" sizes=\"(max-width: 767px) 100vw, 600px\" \/><\/a><p id=\"caption-attachment-364\" class=\"wp-caption-text\">M\u00e1rio Catarino. Foto: Beto Boullosa<\/p><\/div>\n<p>M\u00e1rio Catarino Gomes dos Santos Neto (Salvador, 29\/04\/1994) \u00e9 um meia habilidoso, que parte para cima e arremata forte de longa dist\u00e2ncia. Recentemente, foi um dos semifinalistas do programa &#8220;Batalha nas Quadras&#8221;, promovido pela Nike. Foi selecionado pelo Gal\u00edcia nas avalia\u00e7\u00f5es realizadas durante os meses de mar\u00e7o e abril.<\/p>\n","protected":false},"excerpt":{"rendered":"<p>Gal\u00edcia divulga mais contrata\u00e7\u00f5es.<\/p>\n","protected":false},"author":2,"featured_media":361,"comment_status":"open","ping_status":"open","sticky":false,"template":"","format":"standard","meta":{"footnotes":""},"categories":[14],"tags":[305,413,758,768],"class_list":["post-439","post","type-post","status-publish","format-standard","has-post-thumbnail","hentry","category-noticias","tag-contratacoes","tag-elenilson","tag-mario-catarino","tag-maurinho"],"_links":{"self":[{"href":"https:\/\/esc3d.com.br\/galicia\/wp-json\/wp\/v2\/posts\/439","targetHints":{"allow":["GET"]}}],"collection":[{"href":"https:\/\/esc3d.com.br\/galicia\/wp-json\/wp\/v2\/posts"}],"about":[{"href":"https:\/\/esc3d.com.br\/galicia\/wp-json\/wp\/v2\/types\/post"}],"author":[{"embeddable":true,"href":"https:\/\/esc3d.com.br\/galicia\/wp-json\/wp\/v2\/users\/2"}],"replies":[{"embeddable":true,"href":"https:\/\/esc3d.com.br\/galicia\/wp-json\/wp\/v2\/comments?post=439"}],"version-history":[{"count":0,"href":"https:\/\/esc3d.com.br\/galicia\/wp-json\/wp\/v2\/posts\/439\/revisions"}],"wp:featuredmedia":[{"embeddable":true,"href":"https:\/\/esc3d.com.br\/galicia\/wp-json\/wp\/v2\/media\/361"}],"wp:attachment":[{"href":"https:\/\/esc3d.com.br\/galicia\/wp-json\/wp\/v2\/media?parent=439"}],"wp:term":[{"taxonomy":"category","embeddable":true,"href":"https:\/\/esc3d.com.br\/galicia\/wp-json\/wp\/v2\/categories?post=439"},{"taxonomy":"post_tag","embeddable":true,"href":"https:\/\/esc3d.com.br\/galicia\/wp-json\/wp\/v2\/tags?post=439"}],"curies":[{"name":"wp","href":"https:\/\/api.w.org\/{rel}","templated":true}]}}