{"id":447,"date":"2013-04-26T06:36:49","date_gmt":"2013-04-26T06:36:49","guid":{"rendered":"http:\/\/galiciaec-com-br.bloggerpolis.com\/?p=447"},"modified":"2013-04-26T06:36:49","modified_gmt":"2013-04-26T06:36:49","slug":"mais-contratacoes-no-galicia","status":"publish","type":"post","link":"https:\/\/esc3d.com.br\/galicia\/mais-contratacoes-no-galicia\/","title":{"rendered":"Mais contrata\u00e7\u00f5es no Gal\u00edcia"},"content":{"rendered":"<p>Seguindo com os novos contratados do Demolidor de Campe\u00f5es para a temporada 2013, apresentamos mais jogadores regularizados nos \u00faltimos dias junto \u00e0 FBF, e que j\u00e1 est\u00e3o portanto aptos a estrear no domingo contra a Catuense, em Alagoinhas, na abertura da Segunda Divis\u00e3o.<\/p>\n<div>\n<dl id=\"attachment_3430\">\n<dt>\n<div id=\"attachment_351\" style=\"width: 410px\" class=\"wp-caption aligncenter\"><a href=\"\/wp-content\/uploads\/2013\/04\/silas.jpg\"><img decoding=\"async\" aria-describedby=\"caption-attachment-351\" class=\" wp-image-351 \" alt=\"Silas. Foto: Beto Boullosa\" src=\"\/wp-content\/uploads\/2013\/04\/silas.jpg\" width=\"400\" srcset=\"https:\/\/esc3d.com.br\/galicia\/wp-content\/uploads\/2013\/04\/silas-66x66.jpg 66w, https:\/\/esc3d.com.br\/galicia\/wp-content\/uploads\/2013\/04\/silas-150x150.jpg 150w, https:\/\/esc3d.com.br\/galicia\/wp-content\/uploads\/2013\/04\/silas-200x200.jpg 200w, https:\/\/esc3d.com.br\/galicia\/wp-content\/uploads\/2013\/04\/silas-300x300.jpg 300w, https:\/\/esc3d.com.br\/galicia\/wp-content\/uploads\/2013\/04\/silas-400x400.jpg 400w, https:\/\/esc3d.com.br\/galicia\/wp-content\/uploads\/2013\/04\/silas.jpg 600w\" sizes=\"(max-width: 767px) 100vw, 600px\" \/><\/a><p id=\"caption-attachment-351\" class=\"wp-caption-text\">Silas. Foto: Beto Boullosa<\/p><\/div>\n<p>O volante Silas Leite de Jesus nasceu em Feira de Santana em\u00a02\/7\/1988. Atuou no Uni\u00e3o Barbarense, Taquaritinga e Maracaju-MS antes de ir para o Fluminense de Feira, pelo qual disputou a Primeira Divis\u00e3o do Campeonato Baiano 2013. Veio para o Gal\u00edcia, onde espera ser pe\u00e7a importante na conquista do t\u00edtulo da Segunda Divis\u00e3o.<\/p>\n<\/dt>\n<\/dl>\n<\/div>\n<div>\n<dl id=\"attachment_3433\">\n<dt>\n<div id=\"attachment_354\" style=\"width: 410px\" class=\"wp-caption aligncenter\"><a href=\"\/wp-content\/uploads\/2013\/04\/ricardinho.jpg\"><img decoding=\"async\" aria-describedby=\"caption-attachment-354\" class=\" wp-image-354 \" alt=\"Ricardinho. Foto: Beto Boullosa\" src=\"\/wp-content\/uploads\/2013\/04\/ricardinho.jpg\" width=\"400\" srcset=\"https:\/\/esc3d.com.br\/galicia\/wp-content\/uploads\/2013\/04\/ricardinho-66x66.jpg 66w, https:\/\/esc3d.com.br\/galicia\/wp-content\/uploads\/2013\/04\/ricardinho-150x150.jpg 150w, https:\/\/esc3d.com.br\/galicia\/wp-content\/uploads\/2013\/04\/ricardinho-200x200.jpg 200w, https:\/\/esc3d.com.br\/galicia\/wp-content\/uploads\/2013\/04\/ricardinho-300x300.jpg 300w, https:\/\/esc3d.com.br\/galicia\/wp-content\/uploads\/2013\/04\/ricardinho-400x400.jpg 400w, https:\/\/esc3d.com.br\/galicia\/wp-content\/uploads\/2013\/04\/ricardinho.jpg 600w\" sizes=\"(max-width: 767px) 100vw, 600px\" \/><\/a><p id=\"caption-attachment-354\" class=\"wp-caption-text\">Ricardinho. Foto: Beto Boullosa<\/p><\/div>\n<\/dt>\n<\/dl>\n<\/div>\n<p>Ricardo Lustosa, o Ricardinho, nasceu em 23\/04\/1989. Canhoto, 1,74 m, \u00e9 lateral-esquerdo, mas pode atuar tamb\u00e9m como meia-esquerda.<\/p>\n<div id=\"attachment_357\" style=\"width: 410px\" class=\"wp-caption aligncenter\"><a href=\"\/wp-content\/uploads\/2013\/04\/hamilton.jpg\"><img decoding=\"async\" aria-describedby=\"caption-attachment-357\" class=\" wp-image-357 \" alt=\"Hamilton Fuma\u00e7a. Foto: Beto Boullosa\" src=\"\/wp-content\/uploads\/2013\/04\/hamilton.jpg\" width=\"400\" srcset=\"https:\/\/esc3d.com.br\/galicia\/wp-content\/uploads\/2013\/04\/hamilton-66x66.jpg 66w, https:\/\/esc3d.com.br\/galicia\/wp-content\/uploads\/2013\/04\/hamilton-150x150.jpg 150w, https:\/\/esc3d.com.br\/galicia\/wp-content\/uploads\/2013\/04\/hamilton-200x200.jpg 200w, https:\/\/esc3d.com.br\/galicia\/wp-content\/uploads\/2013\/04\/hamilton-300x300.jpg 300w, https:\/\/esc3d.com.br\/galicia\/wp-content\/uploads\/2013\/04\/hamilton-400x400.jpg 400w, https:\/\/esc3d.com.br\/galicia\/wp-content\/uploads\/2013\/04\/hamilton.jpg 600w\" sizes=\"(max-width: 767px) 100vw, 600px\" \/><\/a><p id=\"caption-attachment-357\" class=\"wp-caption-text\">Hamilton Fuma\u00e7a. Foto: Beto Boullosa<\/p><\/div>\n<p>Hamilton Fuma\u00e7a (Hamilton de Sousa Bonfim), volante, nascido em 12\/02\/1985, atuou no Palmeiras-SP, Joinville-SC, Mogi Mirim-SP, Moto Clube-RO, Nacional-MG e Mamor\u00e9\/MG. Jogou tamb\u00e9m em Portugal, no GD Ribeir\u00e3o e no Portimonense. Recentemente, esteve no Fluminense de Feira.<\/p>\n<div>\n<div id=\"attachment_365\" style=\"width: 410px\" class=\"wp-caption aligncenter\"><a href=\"\/wp-content\/uploads\/2013\/04\/jo-baiano.jpg\"><img decoding=\"async\" aria-describedby=\"caption-attachment-365\" class=\" wp-image-365 \" alt=\"J\u00f4 Baiano. Foto: Beto Boullosa\" src=\"\/wp-content\/uploads\/2013\/04\/jo-baiano.jpg\" width=\"400\" srcset=\"https:\/\/esc3d.com.br\/galicia\/wp-content\/uploads\/2013\/04\/jo-baiano-66x66.jpg 66w, https:\/\/esc3d.com.br\/galicia\/wp-content\/uploads\/2013\/04\/jo-baiano-150x150.jpg 150w, https:\/\/esc3d.com.br\/galicia\/wp-content\/uploads\/2013\/04\/jo-baiano-200x200.jpg 200w, https:\/\/esc3d.com.br\/galicia\/wp-content\/uploads\/2013\/04\/jo-baiano-300x300.jpg 300w, https:\/\/esc3d.com.br\/galicia\/wp-content\/uploads\/2013\/04\/jo-baiano-400x400.jpg 400w, https:\/\/esc3d.com.br\/galicia\/wp-content\/uploads\/2013\/04\/jo-baiano.jpg 600w\" sizes=\"(max-width: 767px) 100vw, 600px\" \/><\/a><p id=\"caption-attachment-365\" class=\"wp-caption-text\">J\u00f4 Baiano. Foto: Beto Boullosa<\/p><\/div>\n<p>Joceano da Silva Santos, o J\u00f4 Baiano, \u00e9 meia-atacante. Nascido em 12\/09\/1990 em Campina Grande, este paraibano j\u00e1 passou por v\u00e1rios clubes, apesar de sua juventude. Atuou nas divis\u00f5es de base do Vit\u00f3ria-BA, Gama-DF, Dom Pedro-DF, Fluminense-RJ, Bandeirantes-DF e Internacional-RS. Como profissional, integrou o Cruzeiro-DF, Bandeirantes-DF, Campinense-PB, Vit\u00f3ria-PE e S\u00e3o Jos\u00e9-PR, al\u00e9m de uma passagem pelo futebol da Guatemala, no Juventud Retalteca.<\/p>\n<\/div>\n","protected":false},"excerpt":{"rendered":"<p>Conhe\u00e7a mais alguns dos contratados pelo Gal\u00edcia para a Segunda Divis\u00e3o 2013<\/p>\n","protected":false},"author":2,"featured_media":365,"comment_status":"open","ping_status":"open","sticky":false,"template":"","format":"standard","meta":{"footnotes":""},"categories":[14],"tags":[305,616,965,1015,1051],"class_list":["post-447","post","type-post","status-publish","format-standard","has-post-thumbnail","hentry","category-noticias","tag-contratacoes","tag-hamilton-fumaca","tag-ricardinho","tag-segunda-divisao-2013","tag-silas"],"_links":{"self":[{"href":"https:\/\/esc3d.com.br\/galicia\/wp-json\/wp\/v2\/posts\/447","targetHints":{"allow":["GET"]}}],"collection":[{"href":"https:\/\/esc3d.com.br\/galicia\/wp-json\/wp\/v2\/posts"}],"about":[{"href":"https:\/\/esc3d.com.br\/galicia\/wp-json\/wp\/v2\/types\/post"}],"author":[{"embeddable":true,"href":"https:\/\/esc3d.com.br\/galicia\/wp-json\/wp\/v2\/users\/2"}],"replies":[{"embeddable":true,"href":"https:\/\/esc3d.com.br\/galicia\/wp-json\/wp\/v2\/comments?post=447"}],"version-history":[{"count":0,"href":"https:\/\/esc3d.com.br\/galicia\/wp-json\/wp\/v2\/posts\/447\/revisions"}],"wp:featuredmedia":[{"embeddable":true,"href":"https:\/\/esc3d.com.br\/galicia\/wp-json\/wp\/v2\/media\/365"}],"wp:attachment":[{"href":"https:\/\/esc3d.com.br\/galicia\/wp-json\/wp\/v2\/media?parent=447"}],"wp:term":[{"taxonomy":"category","embeddable":true,"href":"https:\/\/esc3d.com.br\/galicia\/wp-json\/wp\/v2\/categories?post=447"},{"taxonomy":"post_tag","embeddable":true,"href":"https:\/\/esc3d.com.br\/galicia\/wp-json\/wp\/v2\/tags?post=447"}],"curies":[{"name":"wp","href":"https:\/\/api.w.org\/{rel}","templated":true}]}}