{"id":450,"date":"2013-04-24T23:30:31","date_gmt":"2013-04-25T02:30:31","guid":{"rendered":"http:\/\/galiciaec-com-br.bloggerpolis.com\/?p=450"},"modified":"2013-04-24T23:30:31","modified_gmt":"2013-04-25T02:30:31","slug":"galicia-anuncia-anderson-e-lucas","status":"publish","type":"post","link":"https:\/\/esc3d.com.br\/galicia\/galicia-anuncia-anderson-e-lucas\/","title":{"rendered":"Gal\u00edcia anuncia Anderson e Lucas"},"content":{"rendered":"<p>O Gal\u00edcia anunciou hoje a contrata\u00e7\u00e3o do zagueiro Anderson e do volante Lucas. Os dois atletas j\u00e1 vinham treinando regularmente no Parque Santiago h\u00e1 algumas semanas, por\u00e9m somente esta semana foi regularizada a sua documenta\u00e7\u00e3o junto \u00e0 FBF.<\/p>\n<div id=\"attachment_402\" style=\"width: 410px\" class=\"wp-caption aligncenter\"><a href=\"\/wp-content\/uploads\/2013\/04\/anderson.jpg\"><img decoding=\"async\" aria-describedby=\"caption-attachment-402\" class=\" wp-image-402 \" alt=\"Anderson Santos. Foto: Beto Boullosa\" src=\"\/wp-content\/uploads\/2013\/04\/anderson.jpg\" width=\"400\" srcset=\"https:\/\/esc3d.com.br\/galicia\/wp-content\/uploads\/2013\/04\/anderson-66x66.jpg 66w, https:\/\/esc3d.com.br\/galicia\/wp-content\/uploads\/2013\/04\/anderson-150x150.jpg 150w, https:\/\/esc3d.com.br\/galicia\/wp-content\/uploads\/2013\/04\/anderson-200x200.jpg 200w, https:\/\/esc3d.com.br\/galicia\/wp-content\/uploads\/2013\/04\/anderson-300x300.jpg 300w, https:\/\/esc3d.com.br\/galicia\/wp-content\/uploads\/2013\/04\/anderson-400x400.jpg 400w, https:\/\/esc3d.com.br\/galicia\/wp-content\/uploads\/2013\/04\/anderson.jpg 600w\" sizes=\"(max-width: 767px) 100vw, 600px\" \/><\/a><p id=\"caption-attachment-402\" class=\"wp-caption-text\">Anderson Santos. Foto: Beto Boullosa<\/p><\/div>\n<p>Natural de Tapiramut\u00e1-BA,\u00a0<a href=\"http:\/\/pt.wikipedia.org\/wiki\/Anderson_Santos_Silva\">Anderson Santos Silva<\/a>\u00a0nasceu em 14\/12\/1981. Com 31 anos, \u00e9 um dos atletas mais experientes do plantel granadeiro para a Segunda Divis\u00e3o 2013, tendo passado por diversos clubes do Brasil e exterior ao longo de sua carreira.<\/p>\n<p>No Brasil, atuou em equipes como o Juventude-RS e o Santa Cruz. No exterior, jogou na primeira divis\u00e3o da Pol\u00f4nia, defendendo o Lech Poznan, um dos clubes mais populares do pa\u00eds, e na primeira divis\u00e3o do Jap\u00e3o, defendendo o Yokohama FC.<\/p>\n<p>Com 1,84 m, Anderson ser\u00e1 uma refer\u00eancia na zaga azulina e um dos homens de confian\u00e7a do treinador Cleibson Ferreira na competi\u00e7\u00e3o que se avizinha.<\/p>\n<p>A seguir, uma lista de clubes que defendeu: Rio Branco-SP (1999), Juventude-RS (2000-2003), CAC Portuguesa (2004), Lech Poznan-Pol\u00f4nia (2005-2006), Pogon Szczecin-Pol\u00f4nia (2006-2007), Yokoama-FC-Jap\u00e3o (2007-2008), Santa Cruz-PE (2008), Arka Gdynia-Pol\u00f4nia (2008-2009), Santa Helena-GO (2010), Esportivo-RS (2011).<\/p>\n<div id=\"attachment_405\" style=\"width: 410px\" class=\"wp-caption aligncenter\"><a href=\"\/wp-content\/uploads\/2013\/04\/lucas.jpg\"><img decoding=\"async\" aria-describedby=\"caption-attachment-405\" class=\" wp-image-405 \" alt=\"Lucas. Foto: Beto Boullosa\" src=\"\/wp-content\/uploads\/2013\/04\/lucas.jpg\" width=\"400\" srcset=\"https:\/\/esc3d.com.br\/galicia\/wp-content\/uploads\/2013\/04\/lucas-66x66.jpg 66w, https:\/\/esc3d.com.br\/galicia\/wp-content\/uploads\/2013\/04\/lucas-150x150.jpg 150w, https:\/\/esc3d.com.br\/galicia\/wp-content\/uploads\/2013\/04\/lucas-200x200.jpg 200w, https:\/\/esc3d.com.br\/galicia\/wp-content\/uploads\/2013\/04\/lucas-300x300.jpg 300w, https:\/\/esc3d.com.br\/galicia\/wp-content\/uploads\/2013\/04\/lucas-400x400.jpg 400w, https:\/\/esc3d.com.br\/galicia\/wp-content\/uploads\/2013\/04\/lucas.jpg 600w\" sizes=\"(max-width: 767px) 100vw, 600px\" \/><\/a><p id=\"caption-attachment-405\" class=\"wp-caption-text\">Lucas. Foto: Beto Boullosa<\/p><\/div>\n<p>Por outro lado, Lucas de Souza Azevedo \u00e9 um volante bastante jovem, de apenas 19 anos, nascido em 28\/9\/1993. Apesar da inexperi\u00eancia, \u00e9 um jogador de qualidade, que agradou bastante ao t\u00e9cnico Cleibson Ferreira, conquistando assim a sua vaga entre os in\u00fameros atletas que foram avaliados nos dois \u00faltimos meses no Parque Santiago.<\/p>\n<p>Ambos, Anderson e Lucas, experi\u00eancia e juventude, prometem ao torcedor granadeiro esfor\u00e7ar-se ao m\u00e1ximo no objetivo de fazer um Gal\u00edcia Forte este ano. Vamos subir!<\/p>\n<p>Veja no v\u00eddeo abaixo alguns dos bons momentos da carreira de Anderson:<\/p>\n<p><object width=\"480\" height=\"360\" classid=\"clsid:d27cdb6e-ae6d-11cf-96b8-444553540000\" codebase=\"http:\/\/download.macromedia.com\/pub\/shockwave\/cabs\/flash\/swflash.cab#version=6,0,40,0\"><param name=\"allowFullScreen\" value=\"true\" \/><param name=\"allowscriptaccess\" value=\"always\" \/><param name=\"src\" value=\"http:\/\/www.youtube.com\/v\/Xlz06J53Mq4?hl=en_US&amp;version=3&amp;rel=0\" \/><param name=\"allowfullscreen\" value=\"true\" \/><embed width=\"480\" height=\"360\" type=\"application\/x-shockwave-flash\" src=\"http:\/\/www.youtube.com\/v\/Xlz06J53Mq4?hl=en_US&amp;version=3&amp;rel=0\" allowFullScreen=\"true\" allowscriptaccess=\"always\" allowfullscreen=\"true\" \/><\/object><\/p>\n","protected":false},"excerpt":{"rendered":"<p>Anderson Santos e Lucas, novos contratados do Gal\u00edcia<\/p>\n","protected":false},"author":2,"featured_media":402,"comment_status":"open","ping_status":"open","sticky":false,"template":"","format":"standard","meta":{"footnotes":""},"categories":[14],"tags":[81,305,729],"class_list":["post-450","post","type-post","status-publish","format-standard","has-post-thumbnail","hentry","category-noticias","tag-anderson","tag-contratacoes","tag-lucas"],"_links":{"self":[{"href":"https:\/\/esc3d.com.br\/galicia\/wp-json\/wp\/v2\/posts\/450","targetHints":{"allow":["GET"]}}],"collection":[{"href":"https:\/\/esc3d.com.br\/galicia\/wp-json\/wp\/v2\/posts"}],"about":[{"href":"https:\/\/esc3d.com.br\/galicia\/wp-json\/wp\/v2\/types\/post"}],"author":[{"embeddable":true,"href":"https:\/\/esc3d.com.br\/galicia\/wp-json\/wp\/v2\/users\/2"}],"replies":[{"embeddable":true,"href":"https:\/\/esc3d.com.br\/galicia\/wp-json\/wp\/v2\/comments?post=450"}],"version-history":[{"count":0,"href":"https:\/\/esc3d.com.br\/galicia\/wp-json\/wp\/v2\/posts\/450\/revisions"}],"wp:featuredmedia":[{"embeddable":true,"href":"https:\/\/esc3d.com.br\/galicia\/wp-json\/wp\/v2\/media\/402"}],"wp:attachment":[{"href":"https:\/\/esc3d.com.br\/galicia\/wp-json\/wp\/v2\/media?parent=450"}],"wp:term":[{"taxonomy":"category","embeddable":true,"href":"https:\/\/esc3d.com.br\/galicia\/wp-json\/wp\/v2\/categories?post=450"},{"taxonomy":"post_tag","embeddable":true,"href":"https:\/\/esc3d.com.br\/galicia\/wp-json\/wp\/v2\/tags?post=450"}],"curies":[{"name":"wp","href":"https:\/\/api.w.org\/{rel}","templated":true}]}}