{"id":459,"date":"2013-04-23T04:39:06","date_gmt":"2013-04-23T07:39:06","guid":{"rendered":"http:\/\/galiciaec-com-br.bloggerpolis.com\/?p=459"},"modified":"2013-04-23T04:39:06","modified_gmt":"2013-04-23T07:39:06","slug":"falecimento-de-jose-eli-ex-jogador-do-galicia","status":"publish","type":"post","link":"https:\/\/esc3d.com.br\/galicia\/falecimento-de-jose-eli-ex-jogador-do-galicia\/","title":{"rendered":"Falecimento de Jos\u00e9 Eli, ex-jogador do Gal\u00edcia"},"content":{"rendered":"<div id=\"attachment_460\" style=\"width: 410px\" class=\"wp-caption aligncenter\"><a href=\"\/wp-content\/uploads\/2013\/04\/jose-eli.jpg\"><img decoding=\"async\" aria-describedby=\"caption-attachment-460\" class=\" wp-image-460 \" alt=\"Gal\u00edcia em 1972. Jos\u00e9 Eli \u00e9 o primeiro em p\u00e9, \u00e0 esquerda\" src=\"\/wp-content\/uploads\/2013\/04\/jose-eli.jpg\" width=\"400\" srcset=\"https:\/\/esc3d.com.br\/galicia\/wp-content\/uploads\/2013\/04\/jose-eli-200x140.jpg 200w, https:\/\/esc3d.com.br\/galicia\/wp-content\/uploads\/2013\/04\/jose-eli-300x211.jpg 300w, https:\/\/esc3d.com.br\/galicia\/wp-content\/uploads\/2013\/04\/jose-eli-400x281.jpg 400w, https:\/\/esc3d.com.br\/galicia\/wp-content\/uploads\/2013\/04\/jose-eli-600x421.jpg 600w, https:\/\/esc3d.com.br\/galicia\/wp-content\/uploads\/2013\/04\/jose-eli-768x539.jpg 768w, https:\/\/esc3d.com.br\/galicia\/wp-content\/uploads\/2013\/04\/jose-eli.jpg 779w\" sizes=\"(max-width: 779px) 100vw, 779px\" \/><\/a><p id=\"caption-attachment-460\" class=\"wp-caption-text\">Gal\u00edcia em 1972. Jos\u00e9 Eli \u00e9 o primeiro em p\u00e9, \u00e0 esquerda<\/p><\/div>\n<p>Fomos comunicados do falecimento, no \u00faltimo dia 11, aos 60 anos, de\u00a0<strong>Jos\u00e9 Eli<\/strong>, ex-jogador do Gal\u00edcia na d\u00e9cada de 70. Engenheiro Civil, funcion\u00e1rio da Companhia de Engenharia Ambiental e Recursos H\u00eddricos da Bahia (Cerb), Eli teve uma carreira relativamente curta no futebol profissional, tendo atuado apenas no Itabuna e no Gal\u00edcia. Integrou como lateral-direito o elenco do time azulino durante o ano de 1972.<\/p>\n<p>Em 1973, abandonou o futebol profissional e passou a jogar de forma amadora na sele\u00e7\u00e3o de futsal do Banco Econ\u00f4mico, onde come\u00e7ou a trabalhar. Por\u00e9m, mesmo longe dos gramados, Eli continuou pr\u00f3ximo do futebol, participando de diversas a\u00e7\u00f5es sociais de integra\u00e7\u00e3o de crian\u00e7as carentes atrav\u00e9s do esporte.<\/p>\n<p>Sobre o clube granadeiro, o engenheiro costumava dizer: \u00a0\u201csempre torci pelo Gal\u00edcia, admirava o jeito do time jogar, valorizando o toque de bola&#8230; mas naquela \u00e9poca futebol pagava mal\u201d.<\/p>\n<p>O Gal\u00edcia oferece aos familiares de Eli as suas condol\u00eancias, \u00a0que possam superar com resigna\u00e7\u00e3o esse momento de profunda dor pelo qual est\u00e3o passando.<\/p>\n","protected":false},"excerpt":{"rendered":"<p>Faleceu o ex-jogador Jos\u00e9 Eli, que defendeu o Gal\u00edcia na d\u00e9cada de 70<\/p>\n","protected":false},"author":2,"featured_media":460,"comment_status":"open","ping_status":"open","sticky":false,"template":"","format":"standard","meta":{"footnotes":""},"categories":[14],"tags":[477,622,686],"class_list":["post-459","post","type-post","status-publish","format-standard","has-post-thumbnail","hentry","category-noticias","tag-falecimento","tag-historia","tag-jose-eli"],"_links":{"self":[{"href":"https:\/\/esc3d.com.br\/galicia\/wp-json\/wp\/v2\/posts\/459","targetHints":{"allow":["GET"]}}],"collection":[{"href":"https:\/\/esc3d.com.br\/galicia\/wp-json\/wp\/v2\/posts"}],"about":[{"href":"https:\/\/esc3d.com.br\/galicia\/wp-json\/wp\/v2\/types\/post"}],"author":[{"embeddable":true,"href":"https:\/\/esc3d.com.br\/galicia\/wp-json\/wp\/v2\/users\/2"}],"replies":[{"embeddable":true,"href":"https:\/\/esc3d.com.br\/galicia\/wp-json\/wp\/v2\/comments?post=459"}],"version-history":[{"count":0,"href":"https:\/\/esc3d.com.br\/galicia\/wp-json\/wp\/v2\/posts\/459\/revisions"}],"wp:featuredmedia":[{"embeddable":true,"href":"https:\/\/esc3d.com.br\/galicia\/wp-json\/wp\/v2\/media\/460"}],"wp:attachment":[{"href":"https:\/\/esc3d.com.br\/galicia\/wp-json\/wp\/v2\/media?parent=459"}],"wp:term":[{"taxonomy":"category","embeddable":true,"href":"https:\/\/esc3d.com.br\/galicia\/wp-json\/wp\/v2\/categories?post=459"},{"taxonomy":"post_tag","embeddable":true,"href":"https:\/\/esc3d.com.br\/galicia\/wp-json\/wp\/v2\/tags?post=459"}],"curies":[{"name":"wp","href":"https:\/\/api.w.org\/{rel}","templated":true}]}}