{"id":463,"date":"2013-04-22T23:26:18","date_gmt":"2013-04-23T02:26:18","guid":{"rendered":"http:\/\/galiciaec-com-br.bloggerpolis.com\/?p=463"},"modified":"2013-04-22T23:26:18","modified_gmt":"2013-04-23T02:26:18","slug":"galicia-contrata-lateral-direito-antonio-carlos","status":"publish","type":"post","link":"https:\/\/esc3d.com.br\/galicia\/galicia-contrata-lateral-direito-antonio-carlos\/","title":{"rendered":"Gal\u00edcia contrata lateral-direito Ant\u00f4nio Carlos"},"content":{"rendered":"<div id=\"attachment_338\" style=\"width: 410px\" class=\"wp-caption aligncenter\"><a href=\"\/wp-content\/uploads\/2013\/04\/antonio-carlos.jpg\"><img decoding=\"async\" aria-describedby=\"caption-attachment-338\" class=\" wp-image-338 \" alt=\"Foto: Beto Boullosa\" src=\"\/wp-content\/uploads\/2013\/04\/antonio-carlos.jpg\" width=\"400\" srcset=\"https:\/\/esc3d.com.br\/galicia\/wp-content\/uploads\/2013\/04\/antonio-carlos-66x66.jpg 66w, https:\/\/esc3d.com.br\/galicia\/wp-content\/uploads\/2013\/04\/antonio-carlos-150x150.jpg 150w, https:\/\/esc3d.com.br\/galicia\/wp-content\/uploads\/2013\/04\/antonio-carlos-200x200.jpg 200w, https:\/\/esc3d.com.br\/galicia\/wp-content\/uploads\/2013\/04\/antonio-carlos-300x300.jpg 300w, https:\/\/esc3d.com.br\/galicia\/wp-content\/uploads\/2013\/04\/antonio-carlos-400x400.jpg 400w, https:\/\/esc3d.com.br\/galicia\/wp-content\/uploads\/2013\/04\/antonio-carlos.jpg 600w\" sizes=\"(max-width: 767px) 100vw, 600px\" \/><\/a><p id=\"caption-attachment-338\" class=\"wp-caption-text\">Foto: Beto Boullosa<\/p><\/div>\n<p>Ao contr\u00e1rio do divulgado no site de um tradicional clube de Salvador, que havia anunciado sua contrata\u00e7\u00e3o h\u00e1 alguns dias, o lateral-direito\u00a0<strong>Ant\u00f4nio Carlos<\/strong>\u00a0vai mesmo \u00e9 jogar no Gal\u00edcia.<\/p>\n<p>Nascido em 08\/03\/1985, Antonio Carlos Soares Sacramento \u00e9 lateral-direito, mas atua tamb\u00e9m como volante. Natural de Salvador, ele j\u00e1 passou pelo Atl\u00e9tico Herman Aichinger, de Santa\u00a0Catarina, Queimadense (PB), Joinville (SC), Juventus (SC), Treze (PB), Juazeirense (BA) e Atl\u00e9tico de Alagoinhas, al\u00e9m de ter tido passagens pelo pr\u00f3prio Gal\u00edcia em 2010 e 2011. \u00c9 um jogador de qualidade e experi\u00eancia, que promete agregar bastante ao elenco azulino que estrear\u00e1 na Segunda Divis\u00e3o no pr\u00f3ximo domingo, contra a Catuense em Alagoinhas.<\/p>\n<p>&nbsp;<\/p>\n","protected":false},"excerpt":{"rendered":"<p>Gal\u00edcia anuncia a contrata\u00e7\u00e3o do lateral-direito Ant\u00f4nio Carlos.<\/p>\n","protected":false},"author":2,"featured_media":338,"comment_status":"open","ping_status":"open","sticky":false,"template":"","format":"standard","meta":{"footnotes":""},"categories":[14],"tags":[86,305,708,1015],"class_list":["post-463","post","type-post","status-publish","format-standard","has-post-thumbnail","hentry","category-noticias","tag-antonio-carlos","tag-contratacoes","tag-lateral-direito","tag-segunda-divisao-2013"],"_links":{"self":[{"href":"https:\/\/esc3d.com.br\/galicia\/wp-json\/wp\/v2\/posts\/463","targetHints":{"allow":["GET"]}}],"collection":[{"href":"https:\/\/esc3d.com.br\/galicia\/wp-json\/wp\/v2\/posts"}],"about":[{"href":"https:\/\/esc3d.com.br\/galicia\/wp-json\/wp\/v2\/types\/post"}],"author":[{"embeddable":true,"href":"https:\/\/esc3d.com.br\/galicia\/wp-json\/wp\/v2\/users\/2"}],"replies":[{"embeddable":true,"href":"https:\/\/esc3d.com.br\/galicia\/wp-json\/wp\/v2\/comments?post=463"}],"version-history":[{"count":0,"href":"https:\/\/esc3d.com.br\/galicia\/wp-json\/wp\/v2\/posts\/463\/revisions"}],"wp:featuredmedia":[{"embeddable":true,"href":"https:\/\/esc3d.com.br\/galicia\/wp-json\/wp\/v2\/media\/338"}],"wp:attachment":[{"href":"https:\/\/esc3d.com.br\/galicia\/wp-json\/wp\/v2\/media?parent=463"}],"wp:term":[{"taxonomy":"category","embeddable":true,"href":"https:\/\/esc3d.com.br\/galicia\/wp-json\/wp\/v2\/categories?post=463"},{"taxonomy":"post_tag","embeddable":true,"href":"https:\/\/esc3d.com.br\/galicia\/wp-json\/wp\/v2\/tags?post=463"}],"curies":[{"name":"wp","href":"https:\/\/api.w.org\/{rel}","templated":true}]}}