{"id":466,"date":"2013-04-22T05:28:08","date_gmt":"2013-04-22T08:28:08","guid":{"rendered":"http:\/\/galiciaec-com-br.bloggerpolis.com\/?p=466"},"modified":"2013-04-22T05:28:08","modified_gmt":"2013-04-22T08:28:08","slug":"venda-antecipada-da-nova-camisa-oficial-do-galicia","status":"publish","type":"post","link":"https:\/\/esc3d.com.br\/galicia\/venda-antecipada-da-nova-camisa-oficial-do-galicia\/","title":{"rendered":"Venda antecipada da nova camisa oficial do Gal\u00edcia"},"content":{"rendered":"<p style=\"text-align: center;\"><a href=\"http:\/\/www.galiciaec.com.br\/wp-content\/uploads\/2013\/04\/camisa-galicia-listras-verticias-superbolla-2013.jpg\"><img decoding=\"async\" class=\" aligncenter\" title=\"Camisa do Gal\u00edcia com listras verticais 2013 - Super Bolla\" alt=\"\" src=\"http:\/\/www.galiciaec.com.br\/wp-content\/uploads\/2013\/04\/camisa-galicia-listras-verticias-superbolla-2013.jpg\" \/><\/a><\/p>\n<p>O Gal\u00edcia j\u00e1 encomendou as novas camisas oficiais da temporada 2013. As novas camisas ser\u00e3o fabricadas pela\u00a0<a href=\"http:\/\/superbolla.com.br\">Super Bolla<\/a>\u00a0e apresentar\u00e3o como principal novidade o retorno das listras verticais azuis e brancas, que h\u00e1 muito tempo n\u00e3o eram utilizadas no padr\u00e3o oficial do Demolidor de Campe\u00f5es.<\/p>\n<p>A escolha do novo padr\u00e3o se fez de maneira in\u00e9dita e democr\u00e1tica, com a participa\u00e7\u00e3o do torcedor galiciano, que votou em uma\u00a0<a title=\"Qual o melhor uniforme pro Gal\u00edcia em 2013?\" href=\"http:\/\/www.galiciaec.com.br\/qual-o-melhor-uniforme-pro-galicia-em-2013\/\">enquete<\/a>\u00a0promovida no site oficial. Mais de 150 torcedores participaram da enquete, tanto na\u00a0<a href=\"http:\/\/www.facebook.com\/galiciaecoficial\">p\u00e1gina oficial do Gal\u00edcia no Facebook<\/a>, quanto na\u00a0<a href=\"http:\/\/www.facebook.com\/granadeiros\">p\u00e1gina do Granadeiros Azulinos<\/a>.<\/p>\n<p>Os resultados foram amplamente favor\u00e1veis ao padr\u00e3o de listas verticais azuis e brancas, que obteve cerca de 50% das prefer\u00eancias do torcedor granadeiro. Em segundo lugar, com 30% dos votos, ficou o padr\u00e3o mais utilizado nos \u00faltimos anos, o da camisa toda azul. Com 20% dos votos, ficou a camisa com a faixa diagonal.<\/p>\n<p>Agradecemos a todos os torcedores galicianos que participaram da enquete e os convocamos a assegurarem j\u00e1 a sua nova camisa oficial! Estamos realizando uma pr\u00e9-venda, os interessados devem enviar email para contato@galiciaec.com.br com os seguintes dados:<\/p>\n<ul>\n<li>Nome completo<\/li>\n<li>Telefone<\/li>\n<li>Email<\/li>\n<li>Quantidade de camisas<\/li>\n<li>Tamanho de cada camisa (tamanhos dispon\u00edveis: P, M, G, GG, XG<\/li>\n<li>Se voc\u00ea \u00e9 s\u00f3cio-torcedor, informe o seu CPF e n\u00famero de s\u00f3cio<\/li>\n<\/ul>\n<p>Assim que recebermos o seu email, entraremos em contato e passaremos os dados de pagamento.<\/p>\n<p>O valor de cada camisa \u00e9 de<strong>\u00a0R$ 119,00<\/strong>\u00a0para n\u00e3o s\u00f3cios. Os s\u00f3cios-torcedores ter\u00e3o desconto e pagar\u00e3o\u00a0<strong>R$ 100,00<\/strong>. Caso voc\u00ea queira tornar-se s\u00f3cio-torcedor, utilize o seguinte link:\u00a0<a href=\"http:\/\/www.galiciaec.com.br\/socio-torcedor\/\">www.galiciaec.com.br\/socio-torcedor<\/a>.<\/p>\n<p>A entrega das novas camisas est\u00e1 prevista para as primeiras semanas de maio, mas\u00a0como as quantidades ser\u00e3o limitadas e a procura promete ser bem grande, \u00e9 conveniente que o torcedor antecipe j\u00e1 sua compra.<\/p>\n","protected":false},"excerpt":{"rendered":"<p>Gal\u00edcia realiza venda antecipada do novo uniforme oficial. Reserve j\u00e1 sua camisa!<\/p>\n","protected":false},"author":2,"featured_media":467,"comment_status":"open","ping_status":"open","sticky":false,"template":"","format":"standard","meta":{"footnotes":""},"categories":[14],"tags":[197,1090,1154],"class_list":["post-466","post","type-post","status-publish","format-standard","has-post-thumbnail","hentry","category-noticias","tag-camisa-oficial","tag-super-bolla","tag-uniforme"],"_links":{"self":[{"href":"https:\/\/esc3d.com.br\/galicia\/wp-json\/wp\/v2\/posts\/466","targetHints":{"allow":["GET"]}}],"collection":[{"href":"https:\/\/esc3d.com.br\/galicia\/wp-json\/wp\/v2\/posts"}],"about":[{"href":"https:\/\/esc3d.com.br\/galicia\/wp-json\/wp\/v2\/types\/post"}],"author":[{"embeddable":true,"href":"https:\/\/esc3d.com.br\/galicia\/wp-json\/wp\/v2\/users\/2"}],"replies":[{"embeddable":true,"href":"https:\/\/esc3d.com.br\/galicia\/wp-json\/wp\/v2\/comments?post=466"}],"version-history":[{"count":0,"href":"https:\/\/esc3d.com.br\/galicia\/wp-json\/wp\/v2\/posts\/466\/revisions"}],"wp:featuredmedia":[{"embeddable":true,"href":"https:\/\/esc3d.com.br\/galicia\/wp-json\/wp\/v2\/media\/467"}],"wp:attachment":[{"href":"https:\/\/esc3d.com.br\/galicia\/wp-json\/wp\/v2\/media?parent=466"}],"wp:term":[{"taxonomy":"category","embeddable":true,"href":"https:\/\/esc3d.com.br\/galicia\/wp-json\/wp\/v2\/categories?post=466"},{"taxonomy":"post_tag","embeddable":true,"href":"https:\/\/esc3d.com.br\/galicia\/wp-json\/wp\/v2\/tags?post=466"}],"curies":[{"name":"wp","href":"https:\/\/api.w.org\/{rel}","templated":true}]}}