{"id":469,"date":"2013-04-22T03:55:13","date_gmt":"2013-04-22T06:55:13","guid":{"rendered":"http:\/\/galiciaec-com-br.bloggerpolis.com\/?p=469"},"modified":"2013-04-22T03:55:13","modified_gmt":"2013-04-22T06:55:13","slug":"galicia-confirma-goleiro-waldson","status":"publish","type":"post","link":"https:\/\/esc3d.com.br\/galicia\/galicia-confirma-goleiro-waldson\/","title":{"rendered":"Gal\u00edcia confirma goleiro Waldson"},"content":{"rendered":"<div id=\"attachment_320\" style=\"width: 410px\" class=\"wp-caption aligncenter\"><a href=\"\/wp-content\/uploads\/2013\/04\/waldson.jpg\"><img decoding=\"async\" aria-describedby=\"caption-attachment-320\" class=\" wp-image-320  \" alt=\"Waldson. Foto: Beto Boullosa\" src=\"\/wp-content\/uploads\/2013\/04\/waldson.jpg\" width=\"400\" srcset=\"https:\/\/esc3d.com.br\/galicia\/wp-content\/uploads\/2013\/04\/waldson-66x66.jpg 66w, https:\/\/esc3d.com.br\/galicia\/wp-content\/uploads\/2013\/04\/waldson-150x150.jpg 150w, https:\/\/esc3d.com.br\/galicia\/wp-content\/uploads\/2013\/04\/waldson-200x199.jpg 200w, https:\/\/esc3d.com.br\/galicia\/wp-content\/uploads\/2013\/04\/waldson-300x300.jpg 300w, https:\/\/esc3d.com.br\/galicia\/wp-content\/uploads\/2013\/04\/waldson-400x399.jpg 400w, https:\/\/esc3d.com.br\/galicia\/wp-content\/uploads\/2013\/04\/waldson.jpg 600w\" sizes=\"(max-width: 767px) 100vw, 600px\" \/><\/a><p id=\"caption-attachment-320\" class=\"wp-caption-text\">Waldson. Foto: Beto Boullosa<\/p><\/div>\n<p>O Gal\u00edcia confirmou a contrata\u00e7\u00e3o do goleiro <strong>Waldson<\/strong> para a disputa da Segunda Divis\u00e3o do Campeonato Baiano 2013.<\/p>\n<p>Nascido em Salvador em 12\/05\/1990, Waldson Sim\u00f5es Viana come\u00e7ou sua carreira profissional no Bahia, em 2009, onde, ainda com 19 anos, disputou a S\u00e9rie B do Campeonato Brasileiro. Depois de passar por Madre de Deus e Feirense, esteve brevemente no Gal\u00edcia em 2011, quando disputou apenas uma partida pelo campeonato da Segunda Divis\u00e3o daquele ano.<\/p>\n<p>Em seguida, transferiu-se para a Segunda Divis\u00e3o do Campeonato Portugu\u00eas, atuando pelo Leix\u00f5es Sport Club, da cidade de Matosinhos, um dos clubes de futebol mais antigos de Portugal. Em 2012, atuou no AD Lousada, tamb\u00e9m de Portugal, antes de retornar ao Gal\u00edcia.<\/p>\n<p>Waldson \u00e9 um goleiro jovem, que se destaca pelo presen\u00e7a na \u00e1rea, agilidade e reflexos r\u00e1pidos. Pretende fazer uma boa campanha pelo clube granadeiro neste ano, firmando-se assim como refer\u00eancia no time, e colaborando no retorno do Azulino \u00e0 elite do futebol baiano.<\/p>\n<p>Veja no v\u00eddeo abaixo alguns bons momentos da carreira de Waldson.<\/p>\n<p><object width=\"480\" height=\"360\" classid=\"clsid:d27cdb6e-ae6d-11cf-96b8-444553540000\" codebase=\"http:\/\/download.macromedia.com\/pub\/shockwave\/cabs\/flash\/swflash.cab#version=6,0,40,0\"><param name=\"allowFullScreen\" value=\"true\" \/><param name=\"allowscriptaccess\" value=\"always\" \/><param name=\"src\" value=\"http:\/\/www.youtube.com\/v\/Nwp7vPATB1g?hl=en_US&amp;version=3&amp;rel=0\" \/><param name=\"allowfullscreen\" value=\"true\" \/><embed width=\"480\" height=\"360\" type=\"application\/x-shockwave-flash\" src=\"http:\/\/www.youtube.com\/v\/Nwp7vPATB1g?hl=en_US&amp;version=3&amp;rel=0\" allowFullScreen=\"true\" allowscriptaccess=\"always\" allowfullscreen=\"true\" \/><\/object><\/p>\n","protected":false},"excerpt":{"rendered":"<p>Gal\u00edcia confirma contrata\u00e7\u00e3o do goleiro Waldson<\/p>\n","protected":false},"author":2,"featured_media":320,"comment_status":"open","ping_status":"open","sticky":false,"template":"","format":"standard","meta":{"footnotes":""},"categories":[14],"tags":[305,593,1186],"class_list":["post-469","post","type-post","status-publish","format-standard","has-post-thumbnail","hentry","category-noticias","tag-contratacoes","tag-goleiro-2","tag-waldson"],"_links":{"self":[{"href":"https:\/\/esc3d.com.br\/galicia\/wp-json\/wp\/v2\/posts\/469","targetHints":{"allow":["GET"]}}],"collection":[{"href":"https:\/\/esc3d.com.br\/galicia\/wp-json\/wp\/v2\/posts"}],"about":[{"href":"https:\/\/esc3d.com.br\/galicia\/wp-json\/wp\/v2\/types\/post"}],"author":[{"embeddable":true,"href":"https:\/\/esc3d.com.br\/galicia\/wp-json\/wp\/v2\/users\/2"}],"replies":[{"embeddable":true,"href":"https:\/\/esc3d.com.br\/galicia\/wp-json\/wp\/v2\/comments?post=469"}],"version-history":[{"count":0,"href":"https:\/\/esc3d.com.br\/galicia\/wp-json\/wp\/v2\/posts\/469\/revisions"}],"wp:featuredmedia":[{"embeddable":true,"href":"https:\/\/esc3d.com.br\/galicia\/wp-json\/wp\/v2\/media\/320"}],"wp:attachment":[{"href":"https:\/\/esc3d.com.br\/galicia\/wp-json\/wp\/v2\/media?parent=469"}],"wp:term":[{"taxonomy":"category","embeddable":true,"href":"https:\/\/esc3d.com.br\/galicia\/wp-json\/wp\/v2\/categories?post=469"},{"taxonomy":"post_tag","embeddable":true,"href":"https:\/\/esc3d.com.br\/galicia\/wp-json\/wp\/v2\/tags?post=469"}],"curies":[{"name":"wp","href":"https:\/\/api.w.org\/{rel}","templated":true}]}}