{"id":473,"date":"2013-04-20T19:13:29","date_gmt":"2013-04-20T22:13:29","guid":{"rendered":"http:\/\/galiciaec-com-br.bloggerpolis.com\/?p=473"},"modified":"2013-04-20T19:13:29","modified_gmt":"2013-04-20T22:13:29","slug":"diretoria-do-galicia-estara-na-radio-metropole-neste-domingo","status":"publish","type":"post","link":"https:\/\/esc3d.com.br\/galicia\/diretoria-do-galicia-estara-na-radio-metropole-neste-domingo\/","title":{"rendered":"Diretoria do Gal\u00edcia estar\u00e1 na R\u00e1dio Metr\u00f3pole neste domingo"},"content":{"rendered":"<p>Neste domingo \u00a0(21\/4) pela manh\u00e3, \u00e0s 8 horas, n\u00e3o perca o programa A Hora da Espanha, da R\u00e1dio Metr\u00f3pole, que receber\u00e1 a visita de alguns membros da diretoria do Gal\u00edcia.<\/p>\n<p>Os diretores falar\u00e3o sobre os preparativos do clube e a expectativa para a estr\u00e9ia na Segunda Divis\u00e3o do Campeonato Baiano 2013, que ocorrer\u00e1 em uma semana.<\/p>\n<p>Portanto, torcedor, fique ligado no seu dial: 101.3 FM.<\/p>\n<p><img decoding=\"async\" class=\"size-full wp-image-474 aligncenter\" alt=\"R\u00e1dio Metr\u00f3pole\" src=\"\/wp-content\/uploads\/2013\/04\/logo-metropole.png\" width=\"253\" height=\"146\" srcset=\"https:\/\/esc3d.com.br\/galicia\/wp-content\/uploads\/2013\/04\/logo-metropole-200x115.png 200w, https:\/\/esc3d.com.br\/galicia\/wp-content\/uploads\/2013\/04\/logo-metropole.png 253w\" sizes=\"(max-width: 253px) 100vw, 253px\" \/><\/p>\n","protected":false},"excerpt":{"rendered":"<p>Diretoria do Gal\u00edcia estar\u00e1 na R\u00e1dio Metr\u00f3pole neste domingo<\/p>\n","protected":false},"author":2,"featured_media":474,"comment_status":"open","ping_status":"open","sticky":false,"template":"","format":"standard","meta":{"footnotes":""},"categories":[14],"tags":[391,932],"class_list":["post-473","post","type-post","status-publish","format-standard","has-post-thumbnail","hentry","category-noticias","tag-diretoria","tag-radio-metropole"],"_links":{"self":[{"href":"https:\/\/esc3d.com.br\/galicia\/wp-json\/wp\/v2\/posts\/473","targetHints":{"allow":["GET"]}}],"collection":[{"href":"https:\/\/esc3d.com.br\/galicia\/wp-json\/wp\/v2\/posts"}],"about":[{"href":"https:\/\/esc3d.com.br\/galicia\/wp-json\/wp\/v2\/types\/post"}],"author":[{"embeddable":true,"href":"https:\/\/esc3d.com.br\/galicia\/wp-json\/wp\/v2\/users\/2"}],"replies":[{"embeddable":true,"href":"https:\/\/esc3d.com.br\/galicia\/wp-json\/wp\/v2\/comments?post=473"}],"version-history":[{"count":0,"href":"https:\/\/esc3d.com.br\/galicia\/wp-json\/wp\/v2\/posts\/473\/revisions"}],"wp:featuredmedia":[{"embeddable":true,"href":"https:\/\/esc3d.com.br\/galicia\/wp-json\/wp\/v2\/media\/474"}],"wp:attachment":[{"href":"https:\/\/esc3d.com.br\/galicia\/wp-json\/wp\/v2\/media?parent=473"}],"wp:term":[{"taxonomy":"category","embeddable":true,"href":"https:\/\/esc3d.com.br\/galicia\/wp-json\/wp\/v2\/categories?post=473"},{"taxonomy":"post_tag","embeddable":true,"href":"https:\/\/esc3d.com.br\/galicia\/wp-json\/wp\/v2\/tags?post=473"}],"curies":[{"name":"wp","href":"https:\/\/api.w.org\/{rel}","templated":true}]}}