{"id":489,"date":"2013-01-16T05:58:21","date_gmt":"2013-01-16T08:58:21","guid":{"rendered":"http:\/\/galiciaec-com-br.bloggerpolis.com\/?p=489"},"modified":"2013-01-16T05:58:21","modified_gmt":"2013-01-16T08:58:21","slug":"nova-diretoria-do-galicia-toma-posse","status":"publish","type":"post","link":"https:\/\/esc3d.com.br\/galicia\/nova-diretoria-do-galicia-toma-posse\/","title":{"rendered":"Nova diretoria do Gal\u00edcia toma posse"},"content":{"rendered":"<div id=\"attachment_184\" style=\"width: 510px\" class=\"wp-caption aligncenter\"><a href=\"\/wp-content\/uploads\/2013\/04\/nova-diretoria-galicia-esporte-clube.jpg\"><img decoding=\"async\" aria-describedby=\"caption-attachment-184\" class=\" wp-image-184 \" alt=\"A nova diretoria eleita\" src=\"\/wp-content\/uploads\/2013\/04\/nova-diretoria-galicia-esporte-clube-1024x577.jpg\" width=\"500\" \/><\/a><p id=\"caption-attachment-184\" class=\"wp-caption-text\">A nova diretoria eleita<\/p><\/div>\n<p>Foi realizada nesta segunda-feira \u00e0 noite, no Centro Espanhol, a cerim\u00f4nia de posse da nova diretoria e do Conselho Deliberativo do Gal\u00edcia Esporte Clube. Dario Rego, novo presidente do clube, foi empossado para um mandato de tr\u00eas anos \u00e0 frente de um Conselho Diretor composto por uma equipe renovada e bastante motivada. Juntamente com o Conselho Diretor, tomou posse tamb\u00e9m o novo Conselho Deliberativo, presidido por Raimundo Nonato Reis, com Fl\u00e1vio Porto como seu vice-presidente.<\/p>\n<p>A cerim\u00f4nia contou com a presen\u00e7a de mais de 140 assistentes, entre elas muitos torcedores, s\u00f3cios e conselheiros azulinos, integrantes da col\u00f4nia espanhola soteropolitana, pol\u00edticos e personalidades do futebol baiano, al\u00e9m da imprensa: cobrindo o evento estavam a r\u00e1dio Cristal, a Metr\u00f3pole FM (com interven\u00e7\u00f5es ao vivo de Igor Guimar\u00e3es e Jo\u00e3o Andrade) e a Band TV.<\/p>\n<p>Do mundo pol\u00edtico, prestigiaram a posse o Secret\u00e1rio da Sa\u00fade, Jorge Solla, a deputada Maria del Carmen, o vereador Geraldo J\u00fanior, representando o presidente da C\u00e2mara de Vereadores, Paulo C\u00e2mara, al\u00e9m do\u00a0ex-vereador e ex-presidente do Gal\u00edcia, Sandoval Guimar\u00e3es. Do mundo do futebol, marcaram presen\u00e7a Wilson Paim, presidente da Comiss\u00e3o Estadual de \u00c1rbitros, representando Ednaldo Rodrigues, presidente da FBF, o presidente do Botafogo, Adalberto Lopes, e o diretor de planejamento do Vit\u00f3ria, Nilton Sampaio Filho, representando o presidente rubro-negro, Alexi Portela.<\/p>\n<p>Entre os representantes da col\u00f4nia e institui\u00e7\u00f5es espanholas, estiveram na posse o Vice-c\u00f4nsul espanhol de Salvador, Juan Manuel Caserza, o presidente do CRE &#8211; Conselho de Residentes Espanh\u00f3is do Nordeste, Jos\u00e9 Vidal Rivas, o\u00a0presidente da Associa\u00e7\u00e3o Cultural Hispano-Galega Caballeros de Santiago,\u00a0Santiago Coelho Rodriguez Campo, o presidente do Centro Recreativo Uni\u00e3o do Rio Tea, Andr\u00e9 Presa, o vice-presidente do Hospital Espanhol, Raymundo Jos\u00e9 Farias Martinez, acompanhado de alguns diretores do Hospital.<\/p>\n<p>Ligados diretamente ao Gal\u00edcia, muitos torcedores, associados e conselheiros, como Genaro Porto, ex-presidente do clube, \u00c1lvaro Baqueiro, Oleg\u00e1rio Miguez e Walter Malvar, o presidente da ATAG, Feliciano Jos\u00e9 de Almeida Filho,\u00a0al\u00e9m de colaboradores como Murilo Gitel, Assessor de Imprensa azulino durante a gest\u00e3o de Nonato Reis, e, numa participa\u00e7\u00e3o especial\u00edssima, quatro dos atletas granadeiros campe\u00f5es baianos de 1968: Heitor Prates, Quinha, Josias e Roberto Oliveira.<\/p>\n<p>Em seu discurso de posse, Dario Rego agradeceu a presen\u00e7a de todos e salientou mais uma vez, como tem feito desde que foi\u00a0<a title=\"Dario Rego \u00e9 eleito novo presidente do Gal\u00edcia\" href=\"http:\/\/www.galiciaec.com.br\/dario-rego-e-eleito-novo-presidente-do-galicia\/\">eleito em setembro<\/a>, a import\u00e2ncia da uni\u00e3o de todos os galicianos em torno de um Gal\u00edcia forte. Dario citou os esfor\u00e7os que j\u00e1 v\u00eam sendo feitos pela nova diretoria no sentido de buscar recursos e parceiros para o clube, recapacitar o Parque Santiago, refor\u00e7ar a base e os esportes ol\u00edmpicos e, principalmente, preparar uma equipe profissional forte que possa representar dignamente o Azulino na Segunda Divis\u00e3o 2013 e conseguir o t\u00e3o almejado retorno \u00e0 Primeira Divis\u00e3o neste ano em que o Gal\u00edcia comemora seu 80\u00ba anivers\u00e1rio. O presidente convidou a todos para que participem da festa de comemora\u00e7\u00e3o dos 80 anos, a ser realizada no pr\u00f3ximo dia\u00a0<strong>3 de fevereiro<\/strong>, em Lauro de Freitas, na sede do Centro Recreativo Uni\u00e3o do Rio Tea.<\/p>\n<p>Em sua fala, o novo diretor de comunica\u00e7\u00e3o do clube, Beto Boullosa, conclamou os torcedores para que apoiem o Azulino e estejam presentes em todos os momentos, lembrando que o clube est\u00e1 trabalhando para resgatar todos aqueles que estavam afastados. Para isso, sua \u00e1rea est\u00e1 investindo fortemente na amplia\u00e7\u00e3o da presen\u00e7a do Granadeiro nas redes sociais, com novas p\u00e1ginas oficiais no Facebook (<a title=\"Facebook oficial Gal\u00edcia Esporte Clube\" href=\"http:\/\/www.facebook.com\/galiciaecoficial\">www.facebook.com\/galiciaecoficial<\/a>),\u00a0<a title=\"Gal\u00edcia Esporte Clube\" href=\"https:\/\/plus.google.com\/b\/116969196836374235200\/116969196836374235200\/posts\">Google Plus<\/a>\u00a0e\u00a0<a title=\"Comunidade oficial do Gal\u00edcia Esporte Clube no Orkut\" href=\"http:\/\/www.orkut.com.br\/Main#Community?cmm=123648804\">Orkut<\/a>, e a reativa\u00e7\u00e3o da conta oficial do Gal\u00edcia no Twitter (<a title=\"Gal\u00edcia Esporte Clube no Twitter\" href=\"http:\/\/twitter.com\/galiciaec\">twitter.com\/galiciaec<\/a>), al\u00e9m de atualiza\u00e7\u00f5es constantes do site oficial (<a href=\"http:\/\/www.galiciaec.com.br\">www.galiciaec.com.br<\/a>), e um permanente contato com a m\u00eddia para divulgar o clube azulino. Al\u00e9m disso, citou o trabalho que est\u00e1 sendo feito pelas diretorias social e de marketing para relan\u00e7ar o programa de s\u00f3cio-torcedor, disponibilizar produtos licenciados com a marca do Gal\u00edcia e buscar parceiros que d\u00eaem descontos e promo\u00e7\u00f5es para os associados.<\/p>\n<p>Os presentes fizeram uma bonita confraterniza\u00e7\u00e3o durante o coquetel que acompanhou o evento, com todos relembrando momentos importantes da hist\u00f3ria do Gal\u00edcia e torcendo para o retorno do Demolidor de Campe\u00f5es \u00e0 elite do futebol baiano.<\/p>\n<p>Confira abaixo quem s\u00e3o os novos integrantes da dire\u00e7\u00e3o do Gal\u00edcia e\u00a0<a title=\"Posse no Gal\u00edcia \u00e9 not\u00edcia na Band TV\" href=\"http:\/\/www.galiciaec.com.br\/reportagem-da-band-tv-sobre-a-posse-da-nova-diretoria-do-galicia\/\">clique aqui<\/a>\u00a0para ver o v\u00eddeo da reportagem da Band TV sobre o evento.<\/p>\n<ul>\n<li><strong>Presidente: Dario Rego<\/strong><\/li>\n<li><strong>Vice-presidente Administrativo-Financeiro:<\/strong>\u00a0Manolo Mui\u00f1os<\/li>\n<li><strong>Diretor Administrativo-Financeiro<\/strong>: Roberto Presa<\/li>\n<li><strong>Vice-presidente de Patrim\u00f4nio:\u00a0<\/strong>Carlos Cervi\u00f1o<\/li>\n<li><strong>Diretor de Patrim\u00f4nio<\/strong>: Orlando Brand\u00e3o<\/li>\n<li><strong>Vice-Presidente de Futebol:\u00a0<\/strong>Marcelino Oliveira<\/li>\n<li><strong>Diretor de Futebol:\u00a0<\/strong>Jos\u00e9 Lu\u00eds Garrido<\/li>\n<li><strong>Vice-presidente de Futebol Amador:<\/strong>\u00a0Amilton Rego<\/li>\n<li><strong>Vice-presidente Social:<\/strong>\u00a0Herm\u00f3genes Neto<\/li>\n<li><strong>Diretor Social:\u00a0<\/strong>Jaime Alban<\/li>\n<li><strong>Vice-presidente de Esportes Ol\u00edmpicos:<\/strong>\u00a0Jos\u00e9 Carlos Esteves<\/li>\n<li><strong>Diretor de Esportes Ol\u00edmpicos<\/strong>: Nivaldo Barreto<\/li>\n<li><strong>Vice-presidente Jur\u00eddico:<\/strong>\u00a0Eduardo Matta<\/li>\n<li><strong>Vice-presidente de Marketing:<\/strong>\u00a0Beto Oubinha<\/li>\n<li><strong>Diretor de Marketing:<\/strong>\u00a0Tiago Seixas<\/li>\n<li><strong>Vice-presidente de Comunica\u00e7\u00e3o:<\/strong>\u00a0Ubaldo Rivera<\/li>\n<li><strong>Diretor de Comunica\u00e7\u00e3o:<\/strong>\u00a0Beto Boullosa<\/li>\n<li><strong><strong>Vice-presidente M\u00e9dico:<\/strong>\u00a0<\/strong>Fernando Barreiro<\/li>\n<li><strong>Diretor M\u00e9dico:\u00a0<\/strong>Daniel P\u00e9rez Garcia<\/li>\n<li><strong>1\u00ba Secret\u00e1rio:\u00a0<\/strong>Marcos Rivas<\/li>\n<li><strong>2\u00ba Secret\u00e1rio:\u00a0<\/strong>Ant\u00f4nio Malvar<\/li>\n<li><strong>1\u00ba Tesoureiro:<\/strong>\u00a0Fernando Peleteiro<\/li>\n<li><strong>2\u00ba Tesoureiro:\u00a0<\/strong>Eduardo Santiago<\/li>\n<\/ul>\n<div>\n<p><img decoding=\"async\" title=\"gallery link=&quot;file&quot;\" alt=\"\" src=\"http:\/\/www.galiciaec.com.br\/wp-includes\/js\/tinymce\/plugins\/wpgallery\/img\/t.gif\" \/><\/p>\n<\/div>\n<p>&nbsp;<\/p>\n","protected":false},"excerpt":{"rendered":"<p>Nova diretoria do Gal\u00edcia tomou posse nesta segunda-feira (14\/01), em concorrida cerim\u00f4nia no Centro Espanhol.<\/p>\n","protected":false},"author":2,"featured_media":184,"comment_status":"open","ping_status":"open","sticky":false,"template":"","format":"standard","meta":{"footnotes":""},"categories":[14],"tags":[361,411,805],"class_list":["post-489","post","type-post","status-publish","format-standard","has-post-thumbnail","hentry","category-noticias","tag-dario-rego","tag-eleicoes","tag-nonato-reis"],"_links":{"self":[{"href":"https:\/\/esc3d.com.br\/galicia\/wp-json\/wp\/v2\/posts\/489","targetHints":{"allow":["GET"]}}],"collection":[{"href":"https:\/\/esc3d.com.br\/galicia\/wp-json\/wp\/v2\/posts"}],"about":[{"href":"https:\/\/esc3d.com.br\/galicia\/wp-json\/wp\/v2\/types\/post"}],"author":[{"embeddable":true,"href":"https:\/\/esc3d.com.br\/galicia\/wp-json\/wp\/v2\/users\/2"}],"replies":[{"embeddable":true,"href":"https:\/\/esc3d.com.br\/galicia\/wp-json\/wp\/v2\/comments?post=489"}],"version-history":[{"count":0,"href":"https:\/\/esc3d.com.br\/galicia\/wp-json\/wp\/v2\/posts\/489\/revisions"}],"wp:featuredmedia":[{"embeddable":true,"href":"https:\/\/esc3d.com.br\/galicia\/wp-json\/wp\/v2\/media\/184"}],"wp:attachment":[{"href":"https:\/\/esc3d.com.br\/galicia\/wp-json\/wp\/v2\/media?parent=489"}],"wp:term":[{"taxonomy":"category","embeddable":true,"href":"https:\/\/esc3d.com.br\/galicia\/wp-json\/wp\/v2\/categories?post=489"},{"taxonomy":"post_tag","embeddable":true,"href":"https:\/\/esc3d.com.br\/galicia\/wp-json\/wp\/v2\/tags?post=489"}],"curies":[{"name":"wp","href":"https:\/\/api.w.org\/{rel}","templated":true}]}}