{"id":493,"date":"2013-04-28T12:07:58","date_gmt":"2013-04-28T15:07:58","guid":{"rendered":"http:\/\/galiciaec-com-br.bloggerpolis.com\/?p=493"},"modified":"2013-04-28T12:07:58","modified_gmt":"2013-04-28T15:07:58","slug":"galicia-comeca-hoje-luta-pela-volta-a-elite","status":"publish","type":"post","link":"https:\/\/esc3d.com.br\/galicia\/galicia-comeca-hoje-luta-pela-volta-a-elite\/","title":{"rendered":"Gal\u00edcia come\u00e7a hoje luta pela volta \u00e0 elite"},"content":{"rendered":"<p><a href=\"http:\/\/www.galiciaec.com.br\/wp-content\/uploads\/2013\/04\/camisa-galicia-listras-verticias-superbolla-2013.jpg\"><img decoding=\"async\" class=\"size-full wp-image-467 aligncenter\" alt=\"camisa-galicia-listras-verticais-superbolla-2013\" src=\"http:\/\/www.galiciaec.com.br\/wp-content\/uploads\/2013\/04\/camisa-galicia-listras-verticias-superbolla-2013.jpg\" width=\"423\" height=\"413\" srcset=\"https:\/\/esc3d.com.br\/galicia\/wp-content\/uploads\/2013\/04\/camisa-galicia-listras-verticias-superbolla-2013-200x195.jpg 200w, https:\/\/esc3d.com.br\/galicia\/wp-content\/uploads\/2013\/04\/camisa-galicia-listras-verticias-superbolla-2013-300x293.jpg 300w, https:\/\/esc3d.com.br\/galicia\/wp-content\/uploads\/2013\/04\/camisa-galicia-listras-verticias-superbolla-2013-400x391.jpg 400w, https:\/\/esc3d.com.br\/galicia\/wp-content\/uploads\/2013\/04\/camisa-galicia-listras-verticias-superbolla-2013.jpg 423w\" sizes=\"(max-width: 767px) 100vw, 423px\" \/><\/a><\/p>\n<p>Come\u00e7a hoje uma vez mais a luta do Demolidor de Campe\u00f5es para voltar \u00e0 elite do futebol baiano! O Gal\u00edcia viaja para Alagoinhas \u00e0s 11 da manh\u00e3 deste domingo para enfrentar a Catuense na sua estr\u00e9ia na Segunda Divis\u00e3o do Campeonato Baiano 2013.<\/p>\n<p>O jogo ser\u00e1 iniciado \u00e0s 16:00, no est\u00e1dio Ant\u00f4nio Pena. A arbitragem ser\u00e1 comandada por Edvaldo Soares dos Santos, auxiliado por Mick Santos de Jesus e Carlos Vidal Pereira de Oliveira.<\/p>\n<p>Uma vit\u00f3ria hoje ser\u00e1 muito importante para dar um \u00e2nimo especial \u00e0 equipe e \u00e0 torcida nesta abertura de competi\u00e7\u00e3o, especialmente porque ontem, em Pitua\u00e7u, Ypiranga e Ipitanga empataram em 0 x 0.<\/p>\n<p>A equipe comandada pelo treinador Cleibson Ferreira est\u00e1 consciente de que todo esfor\u00e7o ser\u00e1 necess\u00e1rio para obter um bom resultado, e pretende corresponder \u00e0s expectativas da fiel torcida galiciana, trazendo um bom resultado para o Parque Santiago. E os torcedores prometem estar presentes em Alagoinhas: a ATAG fretou um \u00f4nibus, que sair\u00e1 do PST ao meio-dia.<\/p>\n<p>A equipe estrear\u00e1 tamb\u00e9m uniforme oficial: ser\u00e1 a primeira vez que o Gal\u00edcia atuar\u00e1 com as novas camisas confeccionadas pela Super Bolla, com o retorno do padr\u00e3o de listras verticais azuis e brancas. Este padr\u00e3o, escolhido de forma democr\u00e1tica pela pr\u00f3pria torcida galiciana, nos refor\u00e7a a esperan\u00e7a de que esse ser\u00e1 o ano do retorno \u00e0 elite do futebol baiano, n\u00e3o s\u00f3 porque ele remete \u00e0 \u00e9poca dourada do Gal\u00edcia, mas tamb\u00e9m porque marca os 80 anos do clube.<\/p>\n<p>A nova diretoria, comandada por Dario Rego, que tomou posse em janeiro, vem trabalhando intensamente nos \u00faltimos meses para chegar a este momento, sabendo que ele marca apenas o primeiro passo de uma \u00e1rdua escalada, que esperamos culminar no dia 28\/07, na final da Segunda Divis\u00e3o.<\/p>\n<p>A rela\u00e7\u00e3o dos convocados por Cleibson para o jogo de hoje. \u00e9 a seguinte:<\/p>\n<ul>\n<li>Goleiros: Waldson, Roberto<\/li>\n<li>Laterais: Ant\u00f4nio Carlos, Ricardinho<\/li>\n<li>Zagueiros: Tiago \u00cdndio, Anderson, Mauro<\/li>\n<li>Volantes: Hamilton, Fredson, Lucas, Silas<\/li>\n<li>Meias: J\u00f4 Baiano, Elenilson, Gl\u00e1ucio, M\u00e1rio, Maurinho<\/li>\n<li>Atacantes: Robson, Samuel, Everton<\/li>\n<\/ul>\n<p>Boa sorte aos atletas e \u00e0 comiss\u00e3o t\u00e9cnica!<\/p>\n<p>O site oficial prev\u00ea transmitir a partida pelo lance-a-lance, portanto, torcedor, fique ligado em\u00a0<a href=\"http:\/\/www.galiciaec.com.br\">www.galiciaec.com.br<\/a>!<\/p>\n","protected":false},"excerpt":{"rendered":"<p>Gal\u00edcia come\u00e7a hoje escalada rumo \u00e0 Primeira Divis\u00e3o! <\/p>\n","protected":false},"author":2,"featured_media":467,"comment_status":"open","ping_status":"open","sticky":false,"template":"","format":"standard","meta":{"footnotes":""},"categories":[14],"tags":[1090],"class_list":["post-493","post","type-post","status-publish","format-standard","has-post-thumbnail","hentry","category-noticias","tag-super-bolla"],"_links":{"self":[{"href":"https:\/\/esc3d.com.br\/galicia\/wp-json\/wp\/v2\/posts\/493","targetHints":{"allow":["GET"]}}],"collection":[{"href":"https:\/\/esc3d.com.br\/galicia\/wp-json\/wp\/v2\/posts"}],"about":[{"href":"https:\/\/esc3d.com.br\/galicia\/wp-json\/wp\/v2\/types\/post"}],"author":[{"embeddable":true,"href":"https:\/\/esc3d.com.br\/galicia\/wp-json\/wp\/v2\/users\/2"}],"replies":[{"embeddable":true,"href":"https:\/\/esc3d.com.br\/galicia\/wp-json\/wp\/v2\/comments?post=493"}],"version-history":[{"count":0,"href":"https:\/\/esc3d.com.br\/galicia\/wp-json\/wp\/v2\/posts\/493\/revisions"}],"wp:featuredmedia":[{"embeddable":true,"href":"https:\/\/esc3d.com.br\/galicia\/wp-json\/wp\/v2\/media\/467"}],"wp:attachment":[{"href":"https:\/\/esc3d.com.br\/galicia\/wp-json\/wp\/v2\/media?parent=493"}],"wp:term":[{"taxonomy":"category","embeddable":true,"href":"https:\/\/esc3d.com.br\/galicia\/wp-json\/wp\/v2\/categories?post=493"},{"taxonomy":"post_tag","embeddable":true,"href":"https:\/\/esc3d.com.br\/galicia\/wp-json\/wp\/v2\/tags?post=493"}],"curies":[{"name":"wp","href":"https:\/\/api.w.org\/{rel}","templated":true}]}}