{"id":585,"date":"2013-05-01T01:40:05","date_gmt":"2013-05-01T04:40:05","guid":{"rendered":"http:\/\/galiciaec-com-br.bloggerpolis.com\/?p=585"},"modified":"2013-05-01T01:40:05","modified_gmt":"2013-05-01T04:40:05","slug":"galicia-preparando-se-para-estrear-em-casa","status":"publish","type":"post","link":"https:\/\/esc3d.com.br\/galicia\/galicia-preparando-se-para-estrear-em-casa\/","title":{"rendered":"Gal\u00edcia preparando-se para estrear em casa"},"content":{"rendered":"<p>Depois de come\u00e7ar a Segunda Divis\u00e3o <a href=\"http:\/\/www.galiciaec.com.br\/catuense-0-x-0-galicia\/\">ganhando da Catuense em Alagoinhas por 2 x 1<\/a>, os jogadores do Gal\u00edcia tomaram um respiro e j\u00e1 voltaram ao trabalho, preparando-se para a segunda partida da competi\u00e7\u00e3o, no pr\u00f3ximo s\u00e1bado, contra o Ipitanga, que marcar\u00e1 a estr\u00e9ia do time em casa.<\/p>\n<p>Os comandados de Cleibson Ferreira tiveram folga na manh\u00e3 da segunda-feira, voltando ao Parque Santiago \u00e0 tarde para um treino f\u00edsico regenerativo comandado pelo preparador f\u00edsico Ricardo Bispo e seu auxiliar Miqu\u00e9ias Arag\u00e3o.<\/p>\n<p>Na ter\u00e7a-feira, os atletas trabalharam pela manh\u00e3 a parte muscular em uma academia e fizeram um treinamento t\u00e9cnico e t\u00e1tico pela tarde.<\/p>\n<p>E mesmo no feriado desta quarta-feira, Dia do Trabalho, haver\u00e1 trabalho para os jogadores azulinos, que ter\u00e3o mais uma sess\u00e3o de treinamento na parte da manh\u00e3. \u00c0 tarde, haver\u00e1 folga, reiniciando-se a prepara\u00e7\u00e3o na quinta-feira.<\/p>\n<div id=\"attachment_586\" style=\"width: 490px\" class=\"wp-caption aligncenter\"><a href=\"\/wp-content\/uploads\/2013\/05\/waldson-treinando.jpg\"><img decoding=\"async\" aria-describedby=\"caption-attachment-586\" class=\" wp-image-586  \" alt=\"Waldson treinando, supervisionado por H\u00e9rcules, treinador de goleiros (foto: Beto Boullosa\/arquivo)\" src=\"\/wp-content\/uploads\/2013\/05\/waldson-treinando.jpg\" width=\"480\" height=\"340\" srcset=\"https:\/\/esc3d.com.br\/galicia\/wp-content\/uploads\/2013\/05\/waldson-treinando-200x142.jpg 200w, https:\/\/esc3d.com.br\/galicia\/wp-content\/uploads\/2013\/05\/waldson-treinando-300x214.jpg 300w, https:\/\/esc3d.com.br\/galicia\/wp-content\/uploads\/2013\/05\/waldson-treinando-400x283.jpg 400w, https:\/\/esc3d.com.br\/galicia\/wp-content\/uploads\/2013\/05\/waldson-treinando-600x425.jpg 600w, https:\/\/esc3d.com.br\/galicia\/wp-content\/uploads\/2013\/05\/waldson-treinando-768x543.jpg 768w, https:\/\/esc3d.com.br\/galicia\/wp-content\/uploads\/2013\/05\/waldson-treinando.jpg 800w\" sizes=\"(max-width: 767px) 100vw, 480px\" \/><\/a><p id=\"caption-attachment-586\" class=\"wp-caption-text\">Waldson treinando, supervisionado por H\u00e9rcules, treinador de goleiros (foto: Beto Boullosa\/arquivo)<\/p><\/div>\n","protected":false},"excerpt":{"rendered":"<p>Gal\u00edcia preparando-se para enfrentar Ipitanga<\/p>\n","protected":false},"author":2,"featured_media":586,"comment_status":"open","ping_status":"open","sticky":false,"template":"","format":"standard","meta":{"footnotes":""},"categories":[14],"tags":[1015,1135],"class_list":["post-585","post","type-post","status-publish","format-standard","has-post-thumbnail","hentry","category-noticias","tag-segunda-divisao-2013","tag-treinos"],"_links":{"self":[{"href":"https:\/\/esc3d.com.br\/galicia\/wp-json\/wp\/v2\/posts\/585","targetHints":{"allow":["GET"]}}],"collection":[{"href":"https:\/\/esc3d.com.br\/galicia\/wp-json\/wp\/v2\/posts"}],"about":[{"href":"https:\/\/esc3d.com.br\/galicia\/wp-json\/wp\/v2\/types\/post"}],"author":[{"embeddable":true,"href":"https:\/\/esc3d.com.br\/galicia\/wp-json\/wp\/v2\/users\/2"}],"replies":[{"embeddable":true,"href":"https:\/\/esc3d.com.br\/galicia\/wp-json\/wp\/v2\/comments?post=585"}],"version-history":[{"count":0,"href":"https:\/\/esc3d.com.br\/galicia\/wp-json\/wp\/v2\/posts\/585\/revisions"}],"wp:featuredmedia":[{"embeddable":true,"href":"https:\/\/esc3d.com.br\/galicia\/wp-json\/wp\/v2\/media\/586"}],"wp:attachment":[{"href":"https:\/\/esc3d.com.br\/galicia\/wp-json\/wp\/v2\/media?parent=585"}],"wp:term":[{"taxonomy":"category","embeddable":true,"href":"https:\/\/esc3d.com.br\/galicia\/wp-json\/wp\/v2\/categories?post=585"},{"taxonomy":"post_tag","embeddable":true,"href":"https:\/\/esc3d.com.br\/galicia\/wp-json\/wp\/v2\/tags?post=585"}],"curies":[{"name":"wp","href":"https:\/\/api.w.org\/{rel}","templated":true}]}}