{"id":595,"date":"2013-01-16T04:41:42","date_gmt":"2013-01-16T07:41:42","guid":{"rendered":"http:\/\/www.galiciaec.com.br\/?p=595"},"modified":"2013-01-16T04:41:42","modified_gmt":"2013-01-16T07:41:42","slug":"reportagem-da-band-tv-sobre-a-posse-da-nova-diretoria-do-galicia","status":"publish","type":"post","link":"https:\/\/esc3d.com.br\/galicia\/reportagem-da-band-tv-sobre-a-posse-da-nova-diretoria-do-galicia\/","title":{"rendered":"Reportagem da Band TV sobre a posse da nova diretoria do Gal\u00edcia"},"content":{"rendered":"<p>Confira abaixo reportagem veiculada no programa Jogo Aberto, da Band TV, nesta ter\u00e7a-feira, falando sobre a posse do presidente Dario Rego e sua nova diretoria eleita para o tri\u00eanio 2013\/14\/15.<br \/>\n<iframe src=\"http:\/\/www.youtube.com\/embed\/AIrvYV40s1s\" height=\"315\" width=\"560\" allowfullscreen=\"\" frameborder=\"0\"><\/iframe><\/p>\n","protected":false},"excerpt":{"rendered":"<p>Reportagem do programa Jogo Aberto, da Band TV, nesta ter\u00e7a-feira, fala sobre a posse do presidente Dario Rego e sua nova diretoria eleita para o tri\u00eanio 2013\/14\/15<\/p>\n","protected":false},"author":2,"featured_media":600,"comment_status":"open","ping_status":"open","sticky":false,"template":"","format":"standard","meta":{"footnotes":""},"categories":[14],"tags":[157,361,411],"class_list":["post-595","post","type-post","status-publish","format-standard","has-post-thumbnail","hentry","category-noticias","tag-band-tv","tag-dario-rego","tag-eleicoes"],"_links":{"self":[{"href":"https:\/\/esc3d.com.br\/galicia\/wp-json\/wp\/v2\/posts\/595","targetHints":{"allow":["GET"]}}],"collection":[{"href":"https:\/\/esc3d.com.br\/galicia\/wp-json\/wp\/v2\/posts"}],"about":[{"href":"https:\/\/esc3d.com.br\/galicia\/wp-json\/wp\/v2\/types\/post"}],"author":[{"embeddable":true,"href":"https:\/\/esc3d.com.br\/galicia\/wp-json\/wp\/v2\/users\/2"}],"replies":[{"embeddable":true,"href":"https:\/\/esc3d.com.br\/galicia\/wp-json\/wp\/v2\/comments?post=595"}],"version-history":[{"count":0,"href":"https:\/\/esc3d.com.br\/galicia\/wp-json\/wp\/v2\/posts\/595\/revisions"}],"wp:featuredmedia":[{"embeddable":true,"href":"https:\/\/esc3d.com.br\/galicia\/wp-json\/wp\/v2\/media\/600"}],"wp:attachment":[{"href":"https:\/\/esc3d.com.br\/galicia\/wp-json\/wp\/v2\/media?parent=595"}],"wp:term":[{"taxonomy":"category","embeddable":true,"href":"https:\/\/esc3d.com.br\/galicia\/wp-json\/wp\/v2\/categories?post=595"},{"taxonomy":"post_tag","embeddable":true,"href":"https:\/\/esc3d.com.br\/galicia\/wp-json\/wp\/v2\/tags?post=595"}],"curies":[{"name":"wp","href":"https:\/\/api.w.org\/{rel}","templated":true}]}}