{"id":709,"date":"2013-05-05T23:28:03","date_gmt":"2013-05-06T02:28:03","guid":{"rendered":"http:\/\/www.galiciaec.com.br\/?p=709"},"modified":"2013-05-05T23:28:03","modified_gmt":"2013-05-06T02:28:03","slug":"diretoria-do-galicia-esteve-na-radio-metropole","status":"publish","type":"post","link":"https:\/\/esc3d.com.br\/galicia\/diretoria-do-galicia-esteve-na-radio-metropole\/","title":{"rendered":"Diretoria do Gal\u00edcia esteve na R\u00e1dio Metr\u00f3pole"},"content":{"rendered":"<p>A diretoria do Gal\u00edcia, representada pelos diretores Manolo Mui\u00f1os, Beto Oubinha e Fernando Peleteiro, esteve na R\u00e1dio Metr\u00f3pole na manh\u00e3 deste domingo, falando do Gal\u00edcia.<\/p>\n<p>Os diretores participaram do programa Hora da Espanha, \u00e0s 8:00, conversando com o apresentador Martinez e respondendo \u00e0s perguntas dos ouvintes. O principal tema, como n\u00e3o poderia deixar de ser, foi a <a title=\"Gal\u00edcia 1 x 0 Ipitanga\" href=\"http:\/\/www.galiciaec.com.br\/2013\/05\/04\/galicia-ipitanga\/\">vit\u00f3ria do Gal\u00edcia por 1 x 0 sobre o Ipitanga<\/a>, na v\u00e9spera, em Pitua\u00e7u, que al\u00e7ou o clube azulino \u00e0 lideran\u00e7a do grupo 1 da Segunda Divis\u00e3o do Campeonato Baiano, com 100% de aproveitamento.<\/p>\n<p><a href=\"http:\/\/www.galiciaec.com.br\/wp-content\/uploads\/2013\/04\/logo-metropole.png\"><img decoding=\"async\" class=\"alignnone size-full wp-image-474\" alt=\"R\u00e1dio Metr\u00f3pole\" src=\"http:\/\/www.galiciaec.com.br\/wp-content\/uploads\/2013\/04\/logo-metropole.png\" width=\"253\" height=\"146\" srcset=\"https:\/\/esc3d.com.br\/galicia\/wp-content\/uploads\/2013\/04\/logo-metropole-200x115.png 200w, https:\/\/esc3d.com.br\/galicia\/wp-content\/uploads\/2013\/04\/logo-metropole.png 253w\" sizes=\"(max-width: 253px) 100vw, 253px\" \/><\/a><\/p>\n","protected":false},"excerpt":{"rendered":"<p>Diretoria do Gal\u00edcia esteve na R\u00e1dio Metr\u00f3pole, participando do programa Hora da Espanha<\/p>\n","protected":false},"author":2,"featured_media":721,"comment_status":"open","ping_status":"open","sticky":false,"template":"","format":"standard","meta":{"footnotes":""},"categories":[14],"tags":[932],"class_list":["post-709","post","type-post","status-publish","format-standard","has-post-thumbnail","hentry","category-noticias","tag-radio-metropole"],"_links":{"self":[{"href":"https:\/\/esc3d.com.br\/galicia\/wp-json\/wp\/v2\/posts\/709","targetHints":{"allow":["GET"]}}],"collection":[{"href":"https:\/\/esc3d.com.br\/galicia\/wp-json\/wp\/v2\/posts"}],"about":[{"href":"https:\/\/esc3d.com.br\/galicia\/wp-json\/wp\/v2\/types\/post"}],"author":[{"embeddable":true,"href":"https:\/\/esc3d.com.br\/galicia\/wp-json\/wp\/v2\/users\/2"}],"replies":[{"embeddable":true,"href":"https:\/\/esc3d.com.br\/galicia\/wp-json\/wp\/v2\/comments?post=709"}],"version-history":[{"count":0,"href":"https:\/\/esc3d.com.br\/galicia\/wp-json\/wp\/v2\/posts\/709\/revisions"}],"wp:featuredmedia":[{"embeddable":true,"href":"https:\/\/esc3d.com.br\/galicia\/wp-json\/wp\/v2\/media\/721"}],"wp:attachment":[{"href":"https:\/\/esc3d.com.br\/galicia\/wp-json\/wp\/v2\/media?parent=709"}],"wp:term":[{"taxonomy":"category","embeddable":true,"href":"https:\/\/esc3d.com.br\/galicia\/wp-json\/wp\/v2\/categories?post=709"},{"taxonomy":"post_tag","embeddable":true,"href":"https:\/\/esc3d.com.br\/galicia\/wp-json\/wp\/v2\/tags?post=709"}],"curies":[{"name":"wp","href":"https:\/\/api.w.org\/{rel}","templated":true}]}}