{"id":80,"date":"2013-04-08T13:18:36","date_gmt":"2013-04-08T13:18:36","guid":{"rendered":"http:\/\/galiciaec-com-br.bloggerpolis.com\/?p=80"},"modified":"2013-04-08T13:18:36","modified_gmt":"2013-04-08T13:18:36","slug":"galicia-empata-com-sub-18-do-bahia-em-jogo-treino","status":"publish","type":"post","link":"https:\/\/esc3d.com.br\/galicia\/galicia-empata-com-sub-18-do-bahia-em-jogo-treino\/","title":{"rendered":"Gal\u00edcia empata com Sub-18 do Bahia em jogo treino"},"content":{"rendered":"<p>Como parte dos preparativos para a Segunda Divis\u00e3o 2013, o Gal\u00edcia enfrentou a equipe Sub-18 do Bahia neste s\u00e1bado, em partida realizada no Fazend\u00e3o.<\/p>\n<div id=\"attachment_81\" style=\"width: 610px\" class=\"wp-caption alignnone\"><a href=\"\/wp-content\/uploads\/2013\/04\/galicia-preparativos-2013.jpg\"><img decoding=\"async\" aria-describedby=\"caption-attachment-81\" class=\" wp-image-81 \" alt=\"Jogadores do Gal\u00edcia em avalia\u00e7\u00e3o para a temporada 2013. Este foi o time que enfrentou o S\u00e3o Francisco em mar\u00e7o.\" src=\"\/wp-content\/uploads\/2013\/04\/galicia-preparativos-2013.jpg\" width=\"600\" srcset=\"https:\/\/esc3d.com.br\/galicia\/wp-content\/uploads\/2013\/04\/galicia-preparativos-2013-200x150.jpg 200w, https:\/\/esc3d.com.br\/galicia\/wp-content\/uploads\/2013\/04\/galicia-preparativos-2013-300x225.jpg 300w, https:\/\/esc3d.com.br\/galicia\/wp-content\/uploads\/2013\/04\/galicia-preparativos-2013-400x300.jpg 400w, https:\/\/esc3d.com.br\/galicia\/wp-content\/uploads\/2013\/04\/galicia-preparativos-2013-600x450.jpg 600w, https:\/\/esc3d.com.br\/galicia\/wp-content\/uploads\/2013\/04\/galicia-preparativos-2013-768x576.jpg 768w, https:\/\/esc3d.com.br\/galicia\/wp-content\/uploads\/2013\/04\/galicia-preparativos-2013-800x600.jpg 800w, https:\/\/esc3d.com.br\/galicia\/wp-content\/uploads\/2013\/04\/galicia-preparativos-2013.jpg 960w\" sizes=\"(max-width: 960px) 100vw, 960px\" \/><\/a><p id=\"caption-attachment-81\" class=\"wp-caption-text\">Jogadores do Gal\u00edcia em avalia\u00e7\u00e3o para a temporada 2013. Este foi o time que enfrentou o S\u00e3o Francisco em mar\u00e7o.<\/p><\/div>\n<p>O time foi comandado pelo treinador Cleibson Ferreira e seu auxiliar Carlos Ara\u00fajo, que realizaram diversos testes e observa\u00e7\u00f5es.<\/p>\n<p>A equipe azulina come\u00e7ou com Waldson, Michel, Anderson, Fredson e Ricardinho; Cesar Baiano, Ant\u00f4nio Carlos, Maurinho e Gl\u00e1ucio; Samuel e Robson Santos. Durante a partida, entraram Silas, Leilson, Fabr\u00edcio, Diogo, Marcos Douglas e Iago. Os gols do Gal\u00edcia foram marcados por Ant\u00f4nio Carlos, de p\u00eanalti, e Robson Alex.<\/p>\n<p>Segundo Cleibson Ferreira, o jogo foi bastante proveitoso, j\u00e1 que p\u00f4de observar e tirar conclus\u00f5es sobre alguns jogadores que ainda est\u00e3o sob avalia\u00e7\u00e3o. O Azulino tinha inclusive tudo para sair vencedor, j\u00e1 que estava \u00e0 frente por 2 x 1 quando o o Bahia empatou num gol em que o atacante estava em clamorosa posi\u00e7\u00e3o de impedimento. A auxiliar chegou a levantar a bandeira, fazendo com que a zaga do Gal\u00edcia parasse, mas o \u00e1rbitro mandou o jogo seguir, e o tricolor conseguiu o empate.<\/p>\n<p>Este n\u00e3o foi o primeiro jogo da equipe que est\u00e1 sendo avaliada: durante o m\u00eas de mar\u00e7o, Cleibson realizou testes contra o S\u00e3o Francisco, em S\u00e3o Francisco do Conde (o Azulino perdeu por 1 x 0) e contra o Vit\u00f3ria sub-20, no Barrad\u00e3o (1 x 1).<\/p>\n<p>Esta semana, Cleibson seguir\u00e1 realizando testes e continuando os preparativos com vistas \u00e0 competi\u00e7\u00e3o que se iniciar\u00e1 no dia 28\/4.<\/p>\n","protected":false},"excerpt":{"rendered":"<p>Como parte dos preparativos para a Segunda Divis\u00e3o 2013, o  [&#8230;]<\/p>\n","protected":false},"author":2,"featured_media":81,"comment_status":"open","ping_status":"open","sticky":false,"template":"","format":"standard","meta":{"footnotes":""},"categories":[14],"tags":[137,271,897,1015],"class_list":["post-80","post","type-post","status-publish","format-standard","has-post-thumbnail","hentry","category-noticias","tag-bahia","tag-cleibson-ferreira","tag-preparativos","tag-segunda-divisao-2013"],"_links":{"self":[{"href":"https:\/\/esc3d.com.br\/galicia\/wp-json\/wp\/v2\/posts\/80","targetHints":{"allow":["GET"]}}],"collection":[{"href":"https:\/\/esc3d.com.br\/galicia\/wp-json\/wp\/v2\/posts"}],"about":[{"href":"https:\/\/esc3d.com.br\/galicia\/wp-json\/wp\/v2\/types\/post"}],"author":[{"embeddable":true,"href":"https:\/\/esc3d.com.br\/galicia\/wp-json\/wp\/v2\/users\/2"}],"replies":[{"embeddable":true,"href":"https:\/\/esc3d.com.br\/galicia\/wp-json\/wp\/v2\/comments?post=80"}],"version-history":[{"count":0,"href":"https:\/\/esc3d.com.br\/galicia\/wp-json\/wp\/v2\/posts\/80\/revisions"}],"wp:featuredmedia":[{"embeddable":true,"href":"https:\/\/esc3d.com.br\/galicia\/wp-json\/wp\/v2\/media\/81"}],"wp:attachment":[{"href":"https:\/\/esc3d.com.br\/galicia\/wp-json\/wp\/v2\/media?parent=80"}],"wp:term":[{"taxonomy":"category","embeddable":true,"href":"https:\/\/esc3d.com.br\/galicia\/wp-json\/wp\/v2\/categories?post=80"},{"taxonomy":"post_tag","embeddable":true,"href":"https:\/\/esc3d.com.br\/galicia\/wp-json\/wp\/v2\/tags?post=80"}],"curies":[{"name":"wp","href":"https:\/\/api.w.org\/{rel}","templated":true}]}}