{"id":83,"date":"2013-02-04T12:04:00","date_gmt":"2013-02-04T12:04:00","guid":{"rendered":"http:\/\/galiciaec-com-br.bloggerpolis.com\/?p=83"},"modified":"2013-02-04T12:04:00","modified_gmt":"2013-02-04T12:04:00","slug":"falecimento","status":"publish","type":"post","link":"https:\/\/esc3d.com.br\/galicia\/falecimento\/","title":{"rendered":"Falecimento"},"content":{"rendered":"<p><a href=\"\/wp-content\/uploads\/2013\/04\/luto.jpg\"><img decoding=\"async\" class=\"alignnone size-full wp-image-84\" alt=\"Luto\" src=\"\/wp-content\/uploads\/2013\/04\/luto.jpg\" width=\"422\" height=\"415\" srcset=\"https:\/\/esc3d.com.br\/galicia\/wp-content\/uploads\/2013\/04\/luto-66x66.jpg 66w, https:\/\/esc3d.com.br\/galicia\/wp-content\/uploads\/2013\/04\/luto-200x197.jpg 200w, https:\/\/esc3d.com.br\/galicia\/wp-content\/uploads\/2013\/04\/luto-300x295.jpg 300w, https:\/\/esc3d.com.br\/galicia\/wp-content\/uploads\/2013\/04\/luto-400x393.jpg 400w, https:\/\/esc3d.com.br\/galicia\/wp-content\/uploads\/2013\/04\/luto.jpg 422w\" sizes=\"(max-width: 767px) 100vw, 422px\" \/><\/a><\/p>\n<p>\u00c9 com pesar que comunicamos o falecimento do senhor Elio Batista Mourino, ocorrido ontem em um\u00a0<a href=\"http:\/\/www.correio24horas.com.br\/noticias\/detalhes\/detalhes-1\/artigo\/idoso-morre-atropelado-na-avenida-paralela\/\">tr\u00e1gico acidente<\/a>\u00a0na avenida Paralela.<\/p>\n<p>O senhor Elio era um tradicional torcedor galiciano, e, no momento do acidente, retornava da festa dos 80 anos do Gal\u00edcia, realizada no clube Rio Tea, em Lauro de Freitas.<\/p>\n<p>Toda a diretoria do clube mostra-se solid\u00e1ria \u00e0 dor da fam\u00edlia, lamentando profundamente a fatalidade, e colocando-se \u00e0 disposi\u00e7\u00e3o para auxiliar no que estiver ao nosso alcance. Que tenham muita for\u00e7a para superar esse momento de profunda dor e perda.<\/p>\n","protected":false},"excerpt":{"rendered":"<p>\u00c9 com pesar que comunicamos o falecimento do senhor Elio  [&#8230;]<\/p>\n","protected":false},"author":2,"featured_media":84,"comment_status":"open","ping_status":"open","sticky":false,"template":"","format":"standard","meta":{"footnotes":""},"categories":[14],"tags":[416,477,734],"class_list":["post-83","post","type-post","status-publish","format-standard","has-post-thumbnail","hentry","category-noticias","tag-elio-batista-mourino","tag-falecimento","tag-luto"],"_links":{"self":[{"href":"https:\/\/esc3d.com.br\/galicia\/wp-json\/wp\/v2\/posts\/83","targetHints":{"allow":["GET"]}}],"collection":[{"href":"https:\/\/esc3d.com.br\/galicia\/wp-json\/wp\/v2\/posts"}],"about":[{"href":"https:\/\/esc3d.com.br\/galicia\/wp-json\/wp\/v2\/types\/post"}],"author":[{"embeddable":true,"href":"https:\/\/esc3d.com.br\/galicia\/wp-json\/wp\/v2\/users\/2"}],"replies":[{"embeddable":true,"href":"https:\/\/esc3d.com.br\/galicia\/wp-json\/wp\/v2\/comments?post=83"}],"version-history":[{"count":0,"href":"https:\/\/esc3d.com.br\/galicia\/wp-json\/wp\/v2\/posts\/83\/revisions"}],"wp:featuredmedia":[{"embeddable":true,"href":"https:\/\/esc3d.com.br\/galicia\/wp-json\/wp\/v2\/media\/84"}],"wp:attachment":[{"href":"https:\/\/esc3d.com.br\/galicia\/wp-json\/wp\/v2\/media?parent=83"}],"wp:term":[{"taxonomy":"category","embeddable":true,"href":"https:\/\/esc3d.com.br\/galicia\/wp-json\/wp\/v2\/categories?post=83"},{"taxonomy":"post_tag","embeddable":true,"href":"https:\/\/esc3d.com.br\/galicia\/wp-json\/wp\/v2\/tags?post=83"}],"curies":[{"name":"wp","href":"https:\/\/api.w.org\/{rel}","templated":true}]}}